{"id":218437,"date":"2025-05-15T17:01:27","date_gmt":"2025-05-16T00:01:27","guid":{"rendered":"https:\/\/rnoticias.com.mx\/Portal\/?p=218437"},"modified":"2025-05-15T17:01:27","modified_gmt":"2025-05-16T00:01:27","slug":"operativo-del-gobierno-de-sonora-mantiene-presencia-en-bavispe","status":"publish","type":"post","link":"https:\/\/rnoticias.com.mx\/Portal\/2025\/05\/15\/operativo-del-gobierno-de-sonora-mantiene-presencia-en-bavispe\/","title":{"rendered":"Operativo del Gobierno de Sonora mantiene presencia en Bavispe"},"content":{"rendered":"<p>Bavispe, Sonora; 15 de mayo del 2025.- Para la prevenci\u00f3n de delitos y atenci\u00f3n en proximidad ciudadana, la Secretar\u00eda de Seguridad P\u00fablica (SSP) colabora con presencia, patrullajes y seguimiento a reportes al n\u00famero de emergencia 9-1-1 en municipios de Sonora, principalmente en aquellos con mayor afluencia ciudadana, como sucedi\u00f3 este d\u00eda en Bavispe, donde se desarrollan las fiestas patronales.<\/p>\n<p>Oficiales de la Polic\u00eda Estatal de Seguridad P\u00fablica (PESP) participaron como parte de las acciones preventivas en las fiestas patronales de San Isidro Labrador, donde se dieron cita varias personas para la cabalgata con destino a la comisar\u00eda La Galerita.<\/p>\n<p>Con unidades patrulla se acompa\u00f1\u00f3 al contingente de ciudadanos que cabalgaron por la regi\u00f3n y se brind\u00f3 apoyo a la ciudadan\u00eda que disfruta de estas celebraciones en su municipio.<\/p>\n<p>La SSP exhorta a la ciudadan\u00eda a hacer uso de la l\u00ednea de emergencias 9-1-1 ante cualquier situaci\u00f3n de riesgo, mientras tanto, los grupos de la Polic\u00eda Estatal continuar\u00e1n con los operativos para la prevenci\u00f3n y combate al delito.<\/p>\n","protected":false},"excerpt":{"rendered":"<p>Bavispe, Sonora; 15 de mayo del 2025.- Para la prevenci\u00f3n de delitos y atenci\u00f3n en proximidad ciudadana, la Secretar\u00eda de Seguridad P\u00fablica (SSP) colabora con presencia, patrullajes y seguimiento a reportes al n\u00famero de emergencia 9-1-1 en municipios de Sonora, principalmente en aquellos con mayor afluencia ciudadana, como sucedi\u00f3 este d\u00eda en Bavispe, donde se [&hellip;]<\/p>\n","protected":false},"author":2,"featured_media":218438,"comment_status":"closed","ping_status":"closed","sticky":false,"template":"","format":"standard","meta":{"footnotes":""},"categories":[12870,174],"tags":[12865,12873],"class_list":["post-218437","post","type-post","status-publish","format-standard","has-post-thumbnail","hentry","category-destacadas","category-estatal","tag-destacadas","tag-estatal"],"jetpack_featured_media_url":"https:\/\/rnoticias.com.mx\/Portal\/wp-content\/uploads\/2025\/05\/unnamed-69.jpg","amp_enabled":true,"_links":{"self":[{"href":"https:\/\/rnoticias.com.mx\/Portal\/wp-json\/wp\/v2\/posts\/218437","targetHints":{"allow":["GET"]}}],"collection":[{"href":"https:\/\/rnoticias.com.mx\/Portal\/wp-json\/wp\/v2\/posts"}],"about":[{"href":"https:\/\/rnoticias.com.mx\/Portal\/wp-json\/wp\/v2\/types\/post"}],"author":[{"embeddable":true,"href":"https:\/\/rnoticias.com.mx\/Portal\/wp-json\/wp\/v2\/users\/2"}],"replies":[{"embeddable":true,"href":"https:\/\/rnoticias.com.mx\/Portal\/wp-json\/wp\/v2\/comments?post=218437"}],"version-history":[{"count":1,"href":"https:\/\/rnoticias.com.mx\/Portal\/wp-json\/wp\/v2\/posts\/218437\/revisions"}],"predecessor-version":[{"id":218439,"href":"https:\/\/rnoticias.com.mx\/Portal\/wp-json\/wp\/v2\/posts\/218437\/revisions\/218439"}],"wp:featuredmedia":[{"embeddable":true,"href":"https:\/\/rnoticias.com.mx\/Portal\/wp-json\/wp\/v2\/media\/218438"}],"wp:attachment":[{"href":"https:\/\/rnoticias.com.mx\/Portal\/wp-json\/wp\/v2\/media?parent=218437"}],"wp:term":[{"taxonomy":"category","embeddable":true,"href":"https:\/\/rnoticias.com.mx\/Portal\/wp-json\/wp\/v2\/categories?post=218437"},{"taxonomy":"post_tag","embeddable":true,"href":"https:\/\/rnoticias.com.mx\/Portal\/wp-json\/wp\/v2\/tags?post=218437"}],"curies":[{"name":"wp","href":"https:\/\/api.w.org\/{rel}","templated":true}]}}