{"id":218434,"date":"2025-05-15T17:00:46","date_gmt":"2025-05-16T00:00:46","guid":{"rendered":"https:\/\/rnoticias.com.mx\/Portal\/?p=218434"},"modified":"2025-05-15T17:00:46","modified_gmt":"2025-05-16T00:00:46","slug":"sector-agricola-del-valle-del-yaqui-espera-que-las-lluvias-estivales-alivien-la-sequia","status":"publish","type":"post","link":"https:\/\/rnoticias.com.mx\/Portal\/2025\/05\/15\/sector-agricola-del-valle-del-yaqui-espera-que-las-lluvias-estivales-alivien-la-sequia\/","title":{"rendered":"Sector agr\u00edcola del Valle del Yaqui espera que las lluvias estivales alivien la sequ\u00eda"},"content":{"rendered":"<p>Tras enfrentar uno de los inviernos y veranos m\u00e1s secos de los \u00faltimos a\u00f1os, los agricultores del sur de Sonora podr\u00edan encontrar un respiro gracias a un pron\u00f3stico clim\u00e1tico alentador para este verano.<\/p>\n<p>&nbsp;<\/p>\n<p>Humberto Borb\u00f3n Valencia, director general del Distrito de Riego del R\u00edo Yaqui, inform\u00f3 que los modelos meteorol\u00f3gicos prev\u00e9n precipitaciones por encima del promedio para junio, as\u00ed como condiciones clim\u00e1ticas regulares durante julio.<\/p>\n<p>&nbsp;<\/p>\n<p>\u201cSe maneja el pron\u00f3stico que el caso de junio pudiera andar un poco arriba de la media, julio andar\u00eda alrededor de la media y eso podr\u00edan ser buenas condiciones para que tengamos lluvias y cierta recuperaci\u00f3n al sistema de presas R\u00edo Yaqui\u201d, precis\u00f3.<\/p>\n<p>&nbsp;<\/p>\n<p>Actualmente, las presas del sistema almacenan apenas 937 millones de metros c\u00fabicos de agua, lo que representa solo el 13 % de su capacidad total. Esta situaci\u00f3n refleja un escenario de sequ\u00eda que ha alcanzado niveles extremos y excepcionales en la cuenca del r\u00edo Yaqui.<\/p>\n<p>&nbsp;<\/p>\n<p>Borb\u00f3n Valencia advirti\u00f3 que, aunque el pron\u00f3stico ofrece una luz de esperanza, su cumplimiento no garantiza una soluci\u00f3n definitiva, ya que la recuperaci\u00f3n del sistema h\u00eddrico requerir\u00e1 tiempo y consistencia en las lluvias.<\/p>\n<p>&nbsp;<\/p>\n<p data-start=\"1246\" data-end=\"1438\">Subray\u00f3 que, incluso si se registran las lluvias esperadas, a\u00fan no hay certeza sobre la viabilidad de iniciar el ciclo agr\u00edcola 2025-2026, debido a la persistente escasez de agua en la regi\u00f3n.<\/p>\n<p><strong>\u00a0<\/strong><\/p>\n","protected":false},"excerpt":{"rendered":"<p>Tras enfrentar uno de los inviernos y veranos m\u00e1s secos de los \u00faltimos a\u00f1os, los agricultores del sur de Sonora podr\u00edan encontrar un respiro gracias a un pron\u00f3stico clim\u00e1tico alentador para este verano. &nbsp; Humberto Borb\u00f3n Valencia, director general del Distrito de Riego del R\u00edo Yaqui, inform\u00f3 que los modelos meteorol\u00f3gicos prev\u00e9n precipitaciones por encima [&hellip;]<\/p>\n","protected":false},"author":2,"featured_media":218435,"comment_status":"closed","ping_status":"closed","sticky":false,"template":"","format":"standard","meta":{"footnotes":""},"categories":[12870,174],"tags":[12865,12873],"class_list":["post-218434","post","type-post","status-publish","format-standard","has-post-thumbnail","hentry","category-destacadas","category-estatal","tag-destacadas","tag-estatal"],"jetpack_featured_media_url":"https:\/\/rnoticias.com.mx\/Portal\/wp-content\/uploads\/2025\/05\/2024100462410.jpg","amp_enabled":true,"_links":{"self":[{"href":"https:\/\/rnoticias.com.mx\/Portal\/wp-json\/wp\/v2\/posts\/218434","targetHints":{"allow":["GET"]}}],"collection":[{"href":"https:\/\/rnoticias.com.mx\/Portal\/wp-json\/wp\/v2\/posts"}],"about":[{"href":"https:\/\/rnoticias.com.mx\/Portal\/wp-json\/wp\/v2\/types\/post"}],"author":[{"embeddable":true,"href":"https:\/\/rnoticias.com.mx\/Portal\/wp-json\/wp\/v2\/users\/2"}],"replies":[{"embeddable":true,"href":"https:\/\/rnoticias.com.mx\/Portal\/wp-json\/wp\/v2\/comments?post=218434"}],"version-history":[{"count":1,"href":"https:\/\/rnoticias.com.mx\/Portal\/wp-json\/wp\/v2\/posts\/218434\/revisions"}],"predecessor-version":[{"id":218436,"href":"https:\/\/rnoticias.com.mx\/Portal\/wp-json\/wp\/v2\/posts\/218434\/revisions\/218436"}],"wp:featuredmedia":[{"embeddable":true,"href":"https:\/\/rnoticias.com.mx\/Portal\/wp-json\/wp\/v2\/media\/218435"}],"wp:attachment":[{"href":"https:\/\/rnoticias.com.mx\/Portal\/wp-json\/wp\/v2\/media?parent=218434"}],"wp:term":[{"taxonomy":"category","embeddable":true,"href":"https:\/\/rnoticias.com.mx\/Portal\/wp-json\/wp\/v2\/categories?post=218434"},{"taxonomy":"post_tag","embeddable":true,"href":"https:\/\/rnoticias.com.mx\/Portal\/wp-json\/wp\/v2\/tags?post=218434"}],"curies":[{"name":"wp","href":"https:\/\/api.w.org\/{rel}","templated":true}]}}