{"id":218431,"date":"2025-05-15T16:55:28","date_gmt":"2025-05-15T23:55:28","guid":{"rendered":"https:\/\/rnoticias.com.mx\/Portal\/?p=218431"},"modified":"2025-05-15T16:55:28","modified_gmt":"2025-05-15T23:55:28","slug":"incorporaran-25-camiones-electricos-al-servicio-de-recoleccion-de-basura-en-hmo","status":"publish","type":"post","link":"https:\/\/rnoticias.com.mx\/Portal\/2025\/05\/15\/incorporaran-25-camiones-electricos-al-servicio-de-recoleccion-de-basura-en-hmo\/","title":{"rendered":"Incorporar\u00e1n 25 camiones el\u00e9ctricos al servicio de recolecci\u00f3n de basura en HMO"},"content":{"rendered":"<p>En los pr\u00f3ximos meses, el municipio sumar\u00e1 25 nuevas unidades el\u00e9ctricas a la flotilla de recolecci\u00f3n de basura, como parte del plan de transici\u00f3n hacia veh\u00edculos m\u00e1s sustentables que ha venido impulsando en los \u00faltimos a\u00f1os.<\/p>\n<p>&nbsp;<\/p>\n<p>Sergio Arturo Pavlovich Escalante, titular de Servicios P\u00fablicos Municipales, detall\u00f3 que actualmente el servicio opera con 84 camiones recolectores. Con la incorporaci\u00f3n de las nuevas unidades, la flotilla alcanzar\u00e1 un total de 109 veh\u00edculos.<\/p>\n<p data-start=\"872\" data-end=\"1051\">\n<p><strong>\u201cSe espera que los nuevos camiones entren en operaci\u00f3n a partir de julio, lo que permitir\u00e1 optimizar la eficiencia del servicio y mejorar la cobertura en las colonias de la ciudad\u201d, asegur\u00f3.<\/strong><\/p>\n<p>&nbsp;<\/p>\n<p data-start=\"1053\" data-end=\"1265\">Actualmente, el sistema de recolecci\u00f3n cubre 120 rutas diarias con una frecuencia de dos veces por semana: los mi\u00e9rcoles y s\u00e1bados en la zona norte, lunes y jueves en el centro, y martes y viernes en la zona sur.<\/p>\n<p><strong>\u00a0<\/strong><\/p>\n<p>&nbsp;<\/p>\n<p>&nbsp;<\/p>\n","protected":false},"excerpt":{"rendered":"<p>En los pr\u00f3ximos meses, el municipio sumar\u00e1 25 nuevas unidades el\u00e9ctricas a la flotilla de recolecci\u00f3n de basura, como parte del plan de transici\u00f3n hacia veh\u00edculos m\u00e1s sustentables que ha venido impulsando en los \u00faltimos a\u00f1os. &nbsp; Sergio Arturo Pavlovich Escalante, titular de Servicios P\u00fablicos Municipales, detall\u00f3 que actualmente el servicio opera con 84 camiones [&hellip;]<\/p>\n","protected":false},"author":2,"featured_media":218432,"comment_status":"closed","ping_status":"closed","sticky":false,"template":"","format":"standard","meta":{"footnotes":""},"categories":[12870,178],"tags":[12865,12869],"class_list":["post-218431","post","type-post","status-publish","format-standard","has-post-thumbnail","hentry","category-destacadas","category-local","tag-destacadas","tag-local"],"jetpack_featured_media_url":"https:\/\/rnoticias.com.mx\/Portal\/wp-content\/uploads\/2025\/05\/Basura.jpeg","amp_enabled":true,"_links":{"self":[{"href":"https:\/\/rnoticias.com.mx\/Portal\/wp-json\/wp\/v2\/posts\/218431","targetHints":{"allow":["GET"]}}],"collection":[{"href":"https:\/\/rnoticias.com.mx\/Portal\/wp-json\/wp\/v2\/posts"}],"about":[{"href":"https:\/\/rnoticias.com.mx\/Portal\/wp-json\/wp\/v2\/types\/post"}],"author":[{"embeddable":true,"href":"https:\/\/rnoticias.com.mx\/Portal\/wp-json\/wp\/v2\/users\/2"}],"replies":[{"embeddable":true,"href":"https:\/\/rnoticias.com.mx\/Portal\/wp-json\/wp\/v2\/comments?post=218431"}],"version-history":[{"count":1,"href":"https:\/\/rnoticias.com.mx\/Portal\/wp-json\/wp\/v2\/posts\/218431\/revisions"}],"predecessor-version":[{"id":218433,"href":"https:\/\/rnoticias.com.mx\/Portal\/wp-json\/wp\/v2\/posts\/218431\/revisions\/218433"}],"wp:featuredmedia":[{"embeddable":true,"href":"https:\/\/rnoticias.com.mx\/Portal\/wp-json\/wp\/v2\/media\/218432"}],"wp:attachment":[{"href":"https:\/\/rnoticias.com.mx\/Portal\/wp-json\/wp\/v2\/media?parent=218431"}],"wp:term":[{"taxonomy":"category","embeddable":true,"href":"https:\/\/rnoticias.com.mx\/Portal\/wp-json\/wp\/v2\/categories?post=218431"},{"taxonomy":"post_tag","embeddable":true,"href":"https:\/\/rnoticias.com.mx\/Portal\/wp-json\/wp\/v2\/tags?post=218431"}],"curies":[{"name":"wp","href":"https:\/\/api.w.org\/{rel}","templated":true}]}}