{"id":218428,"date":"2025-05-15T16:34:07","date_gmt":"2025-05-15T23:34:07","guid":{"rendered":"https:\/\/rnoticias.com.mx\/Portal\/?p=218428"},"modified":"2025-05-15T16:34:07","modified_gmt":"2025-05-15T23:34:07","slug":"barcelona-conquista-el-titulo-de-la-liga","status":"publish","type":"post","link":"https:\/\/rnoticias.com.mx\/Portal\/2025\/05\/15\/barcelona-conquista-el-titulo-de-la-liga\/","title":{"rendered":"Barcelona conquista el t\u00edtulo de la Liga"},"content":{"rendered":"<p>Al comp\u00e1s de un golazo de Lamine Yamal, el\u00a0<strong>Barcelona\u00a0<\/strong>conquist\u00f3 el jueves su 28vo t\u00edtulo de la Liga espa\u00f1ola al vencer 2-0 a su rival de patio\u00a0<strong>Espanyol<\/strong>.<\/p>\n<p>Yamal abri\u00f3 el marcador a los 53 minutos. El fen\u00f3meno de 17 a\u00f1os desair\u00f3 a dos defensores en el borde del \u00e1rea y defini\u00f3 con un zurdazo a la escuadra.<\/p>\n<p>Fue una culminaci\u00f3n perfecta para la temporada de Yamal. Brill\u00f3 de principio a fin con el Bar\u00e7a, con sus goles, regates y creaci\u00f3n, confirm\u00e1dose como el pr\u00f3ximo gran crack del f\u00fatbol mundial.<\/p>\n<p><strong>Ferm\u00edn L\u00f3pez<\/strong>\u00a0anot\u00f3 en el tiempo de descuento despu\u00e9s de que el Espanyol qued\u00f3 con diez hombres a los 80 minutos por la expulsi\u00f3n del zaguero uruguayo Leandro Cabrera con roja directa por golpear a Yamal en el est\u00f3mago mientras disputaban un bal\u00f3n.<\/p>\n<p>El Bar\u00e7a se qued\u00f3 con el t\u00edtulo con dos fechas por disputar. Complet\u00f3 un doblete dom\u00e9stico con el t\u00edtulo de la Copa del Rey y alcanz\u00f3 las semifinales de la Liga de Campeones, en una fant\u00e1stica primera temporada del t\u00e9cnico alem\u00e1n Hansi Flick.<\/p>\n<p>El equipo de Flick pr\u00e1cticamente fulmin\u00f3 la defensa del t\u00edtulo del Real Madrid cuando venci\u00f3 a su m\u00e1ximo rival por 4-3\u00a0el domingo. Completaron as\u00ed cuatro victorias en los cl\u00e1sicos en todas las competiciones esta temporada.<\/p>\n<p>La victoria ag\u00f3nica del Madrid por 2-1 sobre el Mallorca el mi\u00e9rcoles impidi\u00f3 que el Bar\u00e7a ganara el t\u00edtulo sin jugar. Pero el club catal\u00e1n apenas necesitaba dos puntos de sus \u00faltimos tres partidos de la temporada.<\/p>\n","protected":false},"excerpt":{"rendered":"<p>Al comp\u00e1s de un golazo de Lamine Yamal, el\u00a0Barcelona\u00a0conquist\u00f3 el jueves su 28vo t\u00edtulo de la Liga espa\u00f1ola al vencer 2-0 a su rival de patio\u00a0Espanyol. Yamal abri\u00f3 el marcador a los 53 minutos. El fen\u00f3meno de 17 a\u00f1os desair\u00f3 a dos defensores en el borde del \u00e1rea y defini\u00f3 con un zurdazo a la [&hellip;]<\/p>\n","protected":false},"author":2,"featured_media":218429,"comment_status":"closed","ping_status":"closed","sticky":false,"template":"","format":"standard","meta":{"footnotes":""},"categories":[188,12870],"tags":[5231,12865],"class_list":["post-218428","post","type-post","status-publish","format-standard","has-post-thumbnail","hentry","category-deportes","category-destacadas","tag-deportes","tag-destacadas"],"jetpack_featured_media_url":"https:\/\/rnoticias.com.mx\/Portal\/wp-content\/uploads\/2025\/05\/01jvayeetxy708h4kmbz.webp","amp_enabled":true,"_links":{"self":[{"href":"https:\/\/rnoticias.com.mx\/Portal\/wp-json\/wp\/v2\/posts\/218428","targetHints":{"allow":["GET"]}}],"collection":[{"href":"https:\/\/rnoticias.com.mx\/Portal\/wp-json\/wp\/v2\/posts"}],"about":[{"href":"https:\/\/rnoticias.com.mx\/Portal\/wp-json\/wp\/v2\/types\/post"}],"author":[{"embeddable":true,"href":"https:\/\/rnoticias.com.mx\/Portal\/wp-json\/wp\/v2\/users\/2"}],"replies":[{"embeddable":true,"href":"https:\/\/rnoticias.com.mx\/Portal\/wp-json\/wp\/v2\/comments?post=218428"}],"version-history":[{"count":1,"href":"https:\/\/rnoticias.com.mx\/Portal\/wp-json\/wp\/v2\/posts\/218428\/revisions"}],"predecessor-version":[{"id":218430,"href":"https:\/\/rnoticias.com.mx\/Portal\/wp-json\/wp\/v2\/posts\/218428\/revisions\/218430"}],"wp:featuredmedia":[{"embeddable":true,"href":"https:\/\/rnoticias.com.mx\/Portal\/wp-json\/wp\/v2\/media\/218429"}],"wp:attachment":[{"href":"https:\/\/rnoticias.com.mx\/Portal\/wp-json\/wp\/v2\/media?parent=218428"}],"wp:term":[{"taxonomy":"category","embeddable":true,"href":"https:\/\/rnoticias.com.mx\/Portal\/wp-json\/wp\/v2\/categories?post=218428"},{"taxonomy":"post_tag","embeddable":true,"href":"https:\/\/rnoticias.com.mx\/Portal\/wp-json\/wp\/v2\/tags?post=218428"}],"curies":[{"name":"wp","href":"https:\/\/api.w.org\/{rel}","templated":true}]}}