{"id":218425,"date":"2025-05-15T16:32:20","date_gmt":"2025-05-15T23:32:20","guid":{"rendered":"https:\/\/rnoticias.com.mx\/Portal\/?p=218425"},"modified":"2025-05-15T16:32:20","modified_gmt":"2025-05-15T23:32:20","slug":"imputan-a-sujeto-por-homicidio-calificado-con-ventaja-en-san-luis-rio-colorado","status":"publish","type":"post","link":"https:\/\/rnoticias.com.mx\/Portal\/2025\/05\/15\/imputan-a-sujeto-por-homicidio-calificado-con-ventaja-en-san-luis-rio-colorado\/","title":{"rendered":"Imputan a sujeto por homicidio calificado con ventaja en San Luis R\u00edo Colorado"},"content":{"rendered":"<p>San Luis R\u00edo Colorado, Sonora, 15 de mayo de 2025.- La Fiscal\u00eda General de Justicia del Estado de Sonora (FGJES) formul\u00f3 imputaci\u00f3n en contra de Daniel Armando \u201cN\u201d, alias \u201cEl Dany\u201d, de 42 a\u00f1os, por su probable responsabilidad en el delito de homicidio calificado con ventaja, cometido en perjuicio de Luis \u00c1ngel \u201cN\u201d, en San Luis R\u00edo Colorado.<\/p>\n<p>La audiencia inicial se celebr\u00f3 tras la ejecuci\u00f3n de una orden de aprehensi\u00f3n cumplimentada por elementos de la Agencia Ministerial de Investigaci\u00f3n Criminal (AMIC).<\/p>\n<p>Durante la diligencia, el Juez de Control ratific\u00f3 la legalidad de la detenci\u00f3n, se formul\u00f3 imputaci\u00f3n y, a solicitud de la defensa, se ampli\u00f3 el t\u00e9rmino constitucional a 144 horas para resolver la situaci\u00f3n jur\u00eddica del imputado, adem\u00e1s, se impuso la medida cautelar de prisi\u00f3n preventiva justificada.<\/p>\n<p>Los hechos ocurrieron el pasado 25 de enero de 2025, en un domicilio ubicado en la colonia Solidaridad, donde el imputado presuntamente dispar\u00f3 con un arma de fuego contra la v\u00edctima, quien se encontraba desarmada, causando heridas en cr\u00e1neo y t\u00f3rax que provocaron su fallecimiento en el lugar.<\/p>\n<p>La Fiscal\u00eda General de Justicia del Estado de Sonora reitera su compromiso con el combate a los delitos de alto impacto y continuar\u00e1 actuando con firmeza y apego a derecho para llevar ante la justicia a quienes atenten contra la vida y la paz de las familias sonorenses.<\/p>\n","protected":false},"excerpt":{"rendered":"<p>San Luis R\u00edo Colorado, Sonora, 15 de mayo de 2025.- La Fiscal\u00eda General de Justicia del Estado de Sonora (FGJES) formul\u00f3 imputaci\u00f3n en contra de Daniel Armando \u201cN\u201d, alias \u201cEl Dany\u201d, de 42 a\u00f1os, por su probable responsabilidad en el delito de homicidio calificado con ventaja, cometido en perjuicio de Luis \u00c1ngel \u201cN\u201d, en San [&hellip;]<\/p>\n","protected":false},"author":2,"featured_media":218426,"comment_status":"closed","ping_status":"closed","sticky":false,"template":"","format":"standard","meta":{"footnotes":""},"categories":[12870,174],"tags":[12865,12873],"class_list":["post-218425","post","type-post","status-publish","format-standard","has-post-thumbnail","hentry","category-destacadas","category-estatal","tag-destacadas","tag-estatal"],"jetpack_featured_media_url":"https:\/\/rnoticias.com.mx\/Portal\/wp-content\/uploads\/2025\/05\/1d7447f1-56cc-486d-b163-dcb1f63e6d50.jpg","amp_enabled":true,"_links":{"self":[{"href":"https:\/\/rnoticias.com.mx\/Portal\/wp-json\/wp\/v2\/posts\/218425","targetHints":{"allow":["GET"]}}],"collection":[{"href":"https:\/\/rnoticias.com.mx\/Portal\/wp-json\/wp\/v2\/posts"}],"about":[{"href":"https:\/\/rnoticias.com.mx\/Portal\/wp-json\/wp\/v2\/types\/post"}],"author":[{"embeddable":true,"href":"https:\/\/rnoticias.com.mx\/Portal\/wp-json\/wp\/v2\/users\/2"}],"replies":[{"embeddable":true,"href":"https:\/\/rnoticias.com.mx\/Portal\/wp-json\/wp\/v2\/comments?post=218425"}],"version-history":[{"count":1,"href":"https:\/\/rnoticias.com.mx\/Portal\/wp-json\/wp\/v2\/posts\/218425\/revisions"}],"predecessor-version":[{"id":218427,"href":"https:\/\/rnoticias.com.mx\/Portal\/wp-json\/wp\/v2\/posts\/218425\/revisions\/218427"}],"wp:featuredmedia":[{"embeddable":true,"href":"https:\/\/rnoticias.com.mx\/Portal\/wp-json\/wp\/v2\/media\/218426"}],"wp:attachment":[{"href":"https:\/\/rnoticias.com.mx\/Portal\/wp-json\/wp\/v2\/media?parent=218425"}],"wp:term":[{"taxonomy":"category","embeddable":true,"href":"https:\/\/rnoticias.com.mx\/Portal\/wp-json\/wp\/v2\/categories?post=218425"},{"taxonomy":"post_tag","embeddable":true,"href":"https:\/\/rnoticias.com.mx\/Portal\/wp-json\/wp\/v2\/tags?post=218425"}],"curies":[{"name":"wp","href":"https:\/\/api.w.org\/{rel}","templated":true}]}}