{"id":218401,"date":"2025-05-15T15:54:15","date_gmt":"2025-05-15T22:54:15","guid":{"rendered":"https:\/\/rnoticias.com.mx\/Portal\/?p=218401"},"modified":"2025-05-15T15:54:15","modified_gmt":"2025-05-15T22:54:15","slug":"avisa-gobierno-de-sonora-sobre-inicio-de-temporada-de-ciclones-tropicales-2025","status":"publish","type":"post","link":"https:\/\/rnoticias.com.mx\/Portal\/2025\/05\/15\/avisa-gobierno-de-sonora-sobre-inicio-de-temporada-de-ciclones-tropicales-2025\/","title":{"rendered":"Avisa Gobierno de Sonora sobre inicio de temporada de ciclones tropicales 2025"},"content":{"rendered":"<p>Hermosillo, Sonora; 15 de mayo de 2025.- A partir del 15 de mayo dio inicio en M\u00e9xico la temporada de lluvias y ciclones tropicales 2025, la cual se extiende del 15 de mayo al 30 de noviembre en el oc\u00e9ano Pac\u00edfico y del 1 de junio al 30 de noviembre en el oc\u00e9ano Atl\u00e1ntico, seg\u00fan el calendario oficial del Servicio Meteorol\u00f3gico Nacional (SMN). Aunque estos son los periodos establecidos, no se descarta la formaci\u00f3n de sistemas fuera de estas fechas.<\/p>\n<p>Durante este lapso, es com\u00fan la formaci\u00f3n de tormentas tropicales y huracanes que pueden impactar diversas regiones del pa\u00eds, especialmente las zonas costeras, aunque sus efectos tambi\u00e9n se sienten tierra adentro en forma de lluvias intensas, inundaciones, deslaves y fuertes vientos.<\/p>\n<p>Con base en informaci\u00f3n del SMN y otras agencias meteorol\u00f3gicas, la Coordinaci\u00f3n Estatal de Protecci\u00f3n Civil prev\u00e9 una temporada activa, con un n\u00famero de ciclones superior al promedio. Se estima la formaci\u00f3n de:<\/p>\n<p>&#8211; Oc\u00e9ano Pac\u00edfico: entre 16 y 20 sistemas tropicales, de los cuales entre 8 y 11 podr\u00edan alcanzar categor\u00eda de hurac\u00e1n.<\/p>\n<p>&#8211; Oc\u00e9ano Atl\u00e1ntico: entre 13 y 17 sistemas tropicales, de los cuales entre 6 y 8 podr\u00edan convertirse en huracanes.<\/p>\n<p>Aunque no se pueden evitar estos fen\u00f3menos naturales, s\u00ed es posible mitigar sus efectos mediante la prevenci\u00f3n y la preparaci\u00f3n. Este periodo representa una etapa clave para fortalecer la cultura de la protecci\u00f3n civil.<\/p>\n<p>Al d\u00eda de hoy, no se espera actividad cicl\u00f3nica en el Pac\u00edfico Oriental durante las pr\u00f3ximas 48 horas.<\/p>\n<p>El Gobierno de Sonora hace un llamado a la poblaci\u00f3n a mantenerse informada a trav\u00e9s de canales oficiales como el Servicio Meteorol\u00f3gico Nacional, las coordinaciones estatal y municipal de Protecci\u00f3n Civil, y CONAGUA.<\/p>\n<p>Asimismo, se recomienda:<\/p>\n<p>&#8211; Identificar refugios temporales y rutas de evacuaci\u00f3n en la localidad.<\/p>\n<p>&#8211; Preparar un botiqu\u00edn de emergencia y una mochila con documentos importantes.<\/p>\n<p>&#8211; Evitar cruzar r\u00edos, arroyos o zonas inundadas durante lluvias intensas.<\/p>\n","protected":false},"excerpt":{"rendered":"<p>Hermosillo, Sonora; 15 de mayo de 2025.- A partir del 15 de mayo dio inicio en M\u00e9xico la temporada de lluvias y ciclones tropicales 2025, la cual se extiende del 15 de mayo al 30 de noviembre en el oc\u00e9ano Pac\u00edfico y del 1 de junio al 30 de noviembre en el oc\u00e9ano Atl\u00e1ntico, seg\u00fan [&hellip;]<\/p>\n","protected":false},"author":2,"featured_media":218402,"comment_status":"closed","ping_status":"closed","sticky":false,"template":"","format":"standard","meta":{"footnotes":""},"categories":[12870,178],"tags":[12865,12869],"class_list":["post-218401","post","type-post","status-publish","format-standard","has-post-thumbnail","hentry","category-destacadas","category-local","tag-destacadas","tag-local"],"jetpack_featured_media_url":"https:\/\/rnoticias.com.mx\/Portal\/wp-content\/uploads\/2025\/05\/sonora-emite-recomendaciones-por-temporada-de-ciclones-2025-17473474541.jpg","amp_enabled":true,"_links":{"self":[{"href":"https:\/\/rnoticias.com.mx\/Portal\/wp-json\/wp\/v2\/posts\/218401","targetHints":{"allow":["GET"]}}],"collection":[{"href":"https:\/\/rnoticias.com.mx\/Portal\/wp-json\/wp\/v2\/posts"}],"about":[{"href":"https:\/\/rnoticias.com.mx\/Portal\/wp-json\/wp\/v2\/types\/post"}],"author":[{"embeddable":true,"href":"https:\/\/rnoticias.com.mx\/Portal\/wp-json\/wp\/v2\/users\/2"}],"replies":[{"embeddable":true,"href":"https:\/\/rnoticias.com.mx\/Portal\/wp-json\/wp\/v2\/comments?post=218401"}],"version-history":[{"count":1,"href":"https:\/\/rnoticias.com.mx\/Portal\/wp-json\/wp\/v2\/posts\/218401\/revisions"}],"predecessor-version":[{"id":218403,"href":"https:\/\/rnoticias.com.mx\/Portal\/wp-json\/wp\/v2\/posts\/218401\/revisions\/218403"}],"wp:featuredmedia":[{"embeddable":true,"href":"https:\/\/rnoticias.com.mx\/Portal\/wp-json\/wp\/v2\/media\/218402"}],"wp:attachment":[{"href":"https:\/\/rnoticias.com.mx\/Portal\/wp-json\/wp\/v2\/media?parent=218401"}],"wp:term":[{"taxonomy":"category","embeddable":true,"href":"https:\/\/rnoticias.com.mx\/Portal\/wp-json\/wp\/v2\/categories?post=218401"},{"taxonomy":"post_tag","embeddable":true,"href":"https:\/\/rnoticias.com.mx\/Portal\/wp-json\/wp\/v2\/tags?post=218401"}],"curies":[{"name":"wp","href":"https:\/\/api.w.org\/{rel}","templated":true}]}}