{"id":218398,"date":"2025-05-15T15:52:32","date_gmt":"2025-05-15T22:52:32","guid":{"rendered":"https:\/\/rnoticias.com.mx\/Portal\/?p=218398"},"modified":"2025-05-15T15:52:32","modified_gmt":"2025-05-15T22:52:32","slug":"se-reune-titular-de-semarnat-en-sonora-con-autoridades-del-ayuntamiento-de-nogales","status":"publish","type":"post","link":"https:\/\/rnoticias.com.mx\/Portal\/2025\/05\/15\/se-reune-titular-de-semarnat-en-sonora-con-autoridades-del-ayuntamiento-de-nogales\/","title":{"rendered":"Se re\u00fane titular de Semarnat en Sonora con autoridades del Ayuntamiento de Nogales"},"content":{"rendered":"<p>Con el objetivo de ayudar a detonar el desarrollo de Nogales con el apoyo del gobierno federal, el representante de la Secretar\u00eda del Medio Ambiente y Recursos Naturales (Semarnat) en Sonora, se reuni\u00f3 con autoridades de ese municipio fronterizo.<\/p>\n<p>&nbsp;<\/p>\n<p>Ricardo F\u00e9lix, expuso que ese primer acercamiento con autoridades del gobierno que encabeza Juan Gim Nogales, es para dar continuidad a los proyectos del Gobierno Federal en rubros como industria y vivienda en Nogales, Sonora.<\/p>\n<p>&nbsp;<\/p>\n<p><strong>\u00a0\u201cSe espera que se detone sobre todo la econom\u00eda dentro del estado y por supuesto la econom\u00eda a nivel nacional porque sabemos que la ciudad de Nogales es predominantemente industrial y aqu\u00ed se desarroll\u00f3 mucho la econom\u00eda de ese car\u00e1cter, de importaci\u00f3n y exportaci\u00f3n de productos\u201d, indic\u00f3.<\/strong><\/p>\n<p>&nbsp;<\/p>\n<p>A\u00f1adi\u00f3, que en ese primer encuentro que se llev\u00f3 a cabo en su tipo, permitir\u00e1 el identificar y fomentar polos de desarrollo en esa frontera, as\u00ed como tambi\u00e9n se estableci\u00f3 como ser\u00e1 la coordinaci\u00f3n entre el gobierno local y el federal, para llegar a una sinton\u00eda en los desarrollos que se vienen en pr\u00f3ximas fechas para el municipio.<\/p>\n","protected":false},"excerpt":{"rendered":"<p>Con el objetivo de ayudar a detonar el desarrollo de Nogales con el apoyo del gobierno federal, el representante de la Secretar\u00eda del Medio Ambiente y Recursos Naturales (Semarnat) en Sonora, se reuni\u00f3 con autoridades de ese municipio fronterizo. &nbsp; Ricardo F\u00e9lix, expuso que ese primer acercamiento con autoridades del gobierno que encabeza Juan Gim [&hellip;]<\/p>\n","protected":false},"author":2,"featured_media":218399,"comment_status":"closed","ping_status":"closed","sticky":false,"template":"","format":"standard","meta":{"footnotes":""},"categories":[12870,174],"tags":[12865,12873],"class_list":["post-218398","post","type-post","status-publish","format-standard","has-post-thumbnail","hentry","category-destacadas","category-estatal","tag-destacadas","tag-estatal"],"jetpack_featured_media_url":"https:\/\/rnoticias.com.mx\/Portal\/wp-content\/uploads\/2025\/05\/PanoramicaNogalesMall4Marzo2022.jpg","amp_enabled":true,"_links":{"self":[{"href":"https:\/\/rnoticias.com.mx\/Portal\/wp-json\/wp\/v2\/posts\/218398","targetHints":{"allow":["GET"]}}],"collection":[{"href":"https:\/\/rnoticias.com.mx\/Portal\/wp-json\/wp\/v2\/posts"}],"about":[{"href":"https:\/\/rnoticias.com.mx\/Portal\/wp-json\/wp\/v2\/types\/post"}],"author":[{"embeddable":true,"href":"https:\/\/rnoticias.com.mx\/Portal\/wp-json\/wp\/v2\/users\/2"}],"replies":[{"embeddable":true,"href":"https:\/\/rnoticias.com.mx\/Portal\/wp-json\/wp\/v2\/comments?post=218398"}],"version-history":[{"count":1,"href":"https:\/\/rnoticias.com.mx\/Portal\/wp-json\/wp\/v2\/posts\/218398\/revisions"}],"predecessor-version":[{"id":218400,"href":"https:\/\/rnoticias.com.mx\/Portal\/wp-json\/wp\/v2\/posts\/218398\/revisions\/218400"}],"wp:featuredmedia":[{"embeddable":true,"href":"https:\/\/rnoticias.com.mx\/Portal\/wp-json\/wp\/v2\/media\/218399"}],"wp:attachment":[{"href":"https:\/\/rnoticias.com.mx\/Portal\/wp-json\/wp\/v2\/media?parent=218398"}],"wp:term":[{"taxonomy":"category","embeddable":true,"href":"https:\/\/rnoticias.com.mx\/Portal\/wp-json\/wp\/v2\/categories?post=218398"},{"taxonomy":"post_tag","embeddable":true,"href":"https:\/\/rnoticias.com.mx\/Portal\/wp-json\/wp\/v2\/tags?post=218398"}],"curies":[{"name":"wp","href":"https:\/\/api.w.org\/{rel}","templated":true}]}}