{"id":218388,"date":"2025-05-15T12:30:18","date_gmt":"2025-05-15T19:30:18","guid":{"rendered":"https:\/\/rnoticias.com.mx\/Portal\/?p=218388"},"modified":"2025-05-15T12:30:18","modified_gmt":"2025-05-15T19:30:18","slug":"gobierno-de-sonora-invita-a-un-fin-de-semana-con-actividades-gratuitas-en-el-bosque-urbano-la-sauceda-2","status":"publish","type":"post","link":"https:\/\/rnoticias.com.mx\/Portal\/2025\/05\/15\/gobierno-de-sonora-invita-a-un-fin-de-semana-con-actividades-gratuitas-en-el-bosque-urbano-la-sauceda-2\/","title":{"rendered":"Gobierno de Sonora invita a un fin de semana con actividades gratuitas en el Bosque Urbano La Sauceda"},"content":{"rendered":"<p>Hermosillo, Sonora; 15 de mayo de 2025. El Gobierno de Sonora invita a todas las familias sonorenses a disfrutar de un fin de semana lleno de actividades culturales, educativas y recreativas gratuitas en el Bosque Urbano La Sauceda, del 16 al 18 de mayo de 2025.<\/p>\n<p>Este programa forma parte de las acciones impulsadas para fortalecer la recuperaci\u00f3n de espacios p\u00fablicos, fomentar la convivencia comunitaria y promover la educaci\u00f3n ambiental en un entorno natural y seguro. Adem\u00e1s, busca ofrecer espacios de recreaci\u00f3n sana y convivencia familiar, donde ni\u00f1as, ni\u00f1os, j\u00f3venes y adultos puedan compartir tiempo de calidad al aire libre.<\/p>\n<p>Programa de actividades gratuitas y abiertas al p\u00fablico<\/p>\n<p>Viernes 16 de mayo<\/p>\n<p>18:00 h \u2013 Descubriendo a las abejas nativas de Hermosillo<\/p>\n<p>Charla educativa y demostraci\u00f3n de colecci\u00f3n de insectos<\/p>\n<p>Lugar: Kiosco central<\/p>\n<p>S\u00e1bado 17 de mayo<\/p>\n<p>09:00 a 11:00 h \u2013 Taller de cer\u00e1mica: T\u00e9cnicas de la cer\u00e1mica sonorense<\/p>\n<p>Lugar: \u00c1rea de palapas<\/p>\n<p>16:00 a 18:00 h \u2013 Actividades Scouts (Grupo 7 Septentri\u00f3n)<\/p>\n<p>Juegos y din\u00e1micas para ni\u00f1as, ni\u00f1os y adolescentes<\/p>\n<p>Punto de reuni\u00f3n: Kiosco central<\/p>\n<p>Domingo 18 de mayo<\/p>\n<p>09:00 a 11:00 h \u2013 Taller de cer\u00e1mica: Nuevas t\u00e9cnicas<\/p>\n<p>Lugar: \u00c1rea de palapas<\/p>\n<p>19:00 h \u2013 Domingo Chill: Celebrando a mam\u00e1 con Radiorama Sonora<\/p>\n<p>Rifas, din\u00e1micas, regalos y m\u00fasica en vivo con The Rigo\u2019s Band, interpretando \u00e9xitos de los a\u00f1os 70\u2019s y 80\u2019s<\/p>\n<p>Lugar: Foro al aire libre<\/p>\n<p>El Gobierno del Estado reafirma su compromiso con el bienestar social, el acceso a la cultura, el arte y la naturaleza como pilares para el desarrollo integral de las comunidades, creando entornos que fortalezcan la unidad familiar y el tejido social.<\/p>\n","protected":false},"excerpt":{"rendered":"<p>Hermosillo, Sonora; 15 de mayo de 2025. El Gobierno de Sonora invita a todas las familias sonorenses a disfrutar de un fin de semana lleno de actividades culturales, educativas y recreativas gratuitas en el Bosque Urbano La Sauceda, del 16 al 18 de mayo de 2025. Este programa forma parte de las acciones impulsadas para [&hellip;]<\/p>\n","protected":false},"author":2,"featured_media":218389,"comment_status":"closed","ping_status":"closed","sticky":false,"template":"","format":"standard","meta":{"footnotes":""},"categories":[12870,178],"tags":[12865,12869],"class_list":["post-218388","post","type-post","status-publish","format-standard","has-post-thumbnail","hentry","category-destacadas","category-local","tag-destacadas","tag-local"],"jetpack_featured_media_url":"https:\/\/rnoticias.com.mx\/Portal\/wp-content\/uploads\/2025\/05\/unnamed-1-25.jpg","amp_enabled":true,"_links":{"self":[{"href":"https:\/\/rnoticias.com.mx\/Portal\/wp-json\/wp\/v2\/posts\/218388","targetHints":{"allow":["GET"]}}],"collection":[{"href":"https:\/\/rnoticias.com.mx\/Portal\/wp-json\/wp\/v2\/posts"}],"about":[{"href":"https:\/\/rnoticias.com.mx\/Portal\/wp-json\/wp\/v2\/types\/post"}],"author":[{"embeddable":true,"href":"https:\/\/rnoticias.com.mx\/Portal\/wp-json\/wp\/v2\/users\/2"}],"replies":[{"embeddable":true,"href":"https:\/\/rnoticias.com.mx\/Portal\/wp-json\/wp\/v2\/comments?post=218388"}],"version-history":[{"count":1,"href":"https:\/\/rnoticias.com.mx\/Portal\/wp-json\/wp\/v2\/posts\/218388\/revisions"}],"predecessor-version":[{"id":218390,"href":"https:\/\/rnoticias.com.mx\/Portal\/wp-json\/wp\/v2\/posts\/218388\/revisions\/218390"}],"wp:featuredmedia":[{"embeddable":true,"href":"https:\/\/rnoticias.com.mx\/Portal\/wp-json\/wp\/v2\/media\/218389"}],"wp:attachment":[{"href":"https:\/\/rnoticias.com.mx\/Portal\/wp-json\/wp\/v2\/media?parent=218388"}],"wp:term":[{"taxonomy":"category","embeddable":true,"href":"https:\/\/rnoticias.com.mx\/Portal\/wp-json\/wp\/v2\/categories?post=218388"},{"taxonomy":"post_tag","embeddable":true,"href":"https:\/\/rnoticias.com.mx\/Portal\/wp-json\/wp\/v2\/tags?post=218388"}],"curies":[{"name":"wp","href":"https:\/\/api.w.org\/{rel}","templated":true}]}}