{"id":218385,"date":"2025-05-15T12:29:36","date_gmt":"2025-05-15T19:29:36","guid":{"rendered":"https:\/\/rnoticias.com.mx\/Portal\/?p=218385"},"modified":"2025-05-15T12:29:36","modified_gmt":"2025-05-15T19:29:36","slug":"embajada-de-eu-en-mexico-niega-que-agentes-participen-en-operativos-contra-narcos","status":"publish","type":"post","link":"https:\/\/rnoticias.com.mx\/Portal\/2025\/05\/15\/embajada-de-eu-en-mexico-niega-que-agentes-participen-en-operativos-contra-narcos\/","title":{"rendered":"Embajada de EU en M\u00e9xico niega que agentes participen en operativos contra narcos"},"content":{"rendered":"<p>La Embajada de\u00a0<a href=\"https:\/\/www.informador.mx\/estados-unidos-t359\" target=\"_blank\" rel=\"noopener\"><strong>Estados Unidos<\/strong><\/a>\u00a0en M\u00e9xico respondi\u00f3 este jueves 15 de mayo al negar que agentes de ese pa\u00eds colaboren en operativos contra el narcotr\u00e1fico en territorio mexicano, y asegur\u00f3 que\u00a0<mark><strong>esas acusaciones son &#8220;incorrectas&#8221; y hechas fuera de &#8220;contexto&#8221;<\/strong><\/mark>\u00a0tras la pol\u00e9mica por una foto publicada en sus redes sociales.<\/p>\n<p>En una nota informativa, enviada al periodista Ciro G\u00f3mez Leyva, quien retom\u00f3 la informaci\u00f3n sobre un desmantelamiento de laboratorios clandestinos en Sinaloa, la Embajada aclar\u00f3 que s\u00ed se realizaron estas acciones, pero que el operativo fue encabezado por la Agencia de Investigaci\u00f3n Criminal (AIC) de la Fiscal\u00eda de la Rep\u00fablica\u00a0<a href=\"https:\/\/www.informador.mx\/fiscalia-general-de-la-republica-(fgr)-t17305\" target=\"_blank\" rel=\"noopener\"><strong>(FGR)<\/strong><\/a>.<\/p>\n<p>&#8220;En ese sentido, transcribo el extracto correspondiente: &#8216;Se desmantelaron tres laboratorios de producci\u00f3n de drogas sint\u00e9ticas a gran escala en Sinaloa y se incautaron estupefacientes y precursores qu\u00edmicos en una operaci\u00f3n dirigida por un equipo de la AIC de la FGR, certificado por ICE (Servicio de Control de Inmigraci\u00f3n y Aduanas) y HSI (Oficina de Investigaciones de Seguridad Nacional), con apoyo de la (Secretar\u00eda de la) Defensa y Semar (Secretar\u00eda de Marina)'&#8221;, subray\u00f3 el comunicado.<\/p>\n<p>Ante ello, la embajada estadounidense rechaz\u00f3 la sugerencia de que fuerzas especiales estadounidenses operan contra grupos criminales en territorio mexicano, al se\u00f1alar que esas acusaciones &#8220;son incorrectas y est\u00e1n hechas fuera de contexto&#8221;.<\/p>\n<p>La aclaraci\u00f3n ocurre luego de que durante &#8220;La Ma\u00f1anera del Pueblo&#8221;, la Presidenta\u00a0<a href=\"https:\/\/www.informador.mx\/claudia-sheinbaum-t10826\" target=\"_blank\" rel=\"noopener\"><strong>Claudia Sheinbaum<\/strong><\/a>\u00a0negara los reportes que aseguraban que la embajada hab\u00eda publicado una fotograf\u00eda donde, supuestamente, se observaba a agentes estadounidenses colaborando en el operativo de desmantelamiento.<\/p>\n<p><mark><strong>&#8220;Es falsa. Esa fotograf\u00eda que sale en primera plana de (peri\u00f3dico) \u2026 No corresponde a ninguna operaci\u00f3n en M\u00e9xico&#8221;,<\/strong><\/mark>\u00a0enfatiz\u00f3 la Mandataria.<\/p>\n<p>Asimismo, record\u00f3 que desde el sexenio del expresidente Andr\u00e9s Manuel L\u00f3pez Obrador (2018-2024) se legisl\u00f3 para que ning\u00fan extranjero pudiera participar en alg\u00fan operativo en territorio mexicano y pidi\u00f3 aclarar de d\u00f3nde hab\u00eda salido la fotograf\u00eda.<\/p>\n<p>El tr\u00e1fico de drogas ha sido un tema cr\u00edtico entre M\u00e9xico y Estados Unidos desde la llegada de\u00a0<a href=\"https:\/\/www.informador.mx\/donald-trump-t8094\" target=\"_blank\" rel=\"noopener\"><strong>Donald Trump<\/strong><\/a>\u00a0a su segundo mandato, pues el gobernante estadounidense ha aumentado la presi\u00f3n sobre M\u00e9xico, al asegurar que no hace lo suficiente para combatir el tr\u00e1fico de drogas, especialmente de fentanilo.<\/p>\n<p>Asimismo, Washington incluy\u00f3 en la lista oficial de terrorismo a seis grupos del narcotr\u00e1fico de M\u00e9xico: el C\u00e1rtel Nueva Generaci\u00f3n (CNG), el de Sinaloa, del Golfo, del Noroeste, la Familia Michoacana y los C\u00e1rteles Unidos.<\/p>\n","protected":false},"excerpt":{"rendered":"<p>La Embajada de\u00a0Estados Unidos\u00a0en M\u00e9xico respondi\u00f3 este jueves 15 de mayo al negar que agentes de ese pa\u00eds colaboren en operativos contra el narcotr\u00e1fico en territorio mexicano, y asegur\u00f3 que\u00a0esas acusaciones son &#8220;incorrectas&#8221; y hechas fuera de &#8220;contexto&#8221;\u00a0tras la pol\u00e9mica por una foto publicada en sus redes sociales. En una nota informativa, enviada al periodista [&hellip;]<\/p>\n","protected":false},"author":2,"featured_media":218386,"comment_status":"closed","ping_status":"closed","sticky":false,"template":"","format":"standard","meta":{"footnotes":""},"categories":[12870,172],"tags":[12865,12874],"class_list":["post-218385","post","type-post","status-publish","format-standard","has-post-thumbnail","hentry","category-destacadas","category-nacional","tag-destacadas","tag-nacional"],"jetpack_featured_media_url":"https:\/\/rnoticias.com.mx\/Portal\/wp-content\/uploads\/2025\/05\/de-1.jpg","amp_enabled":true,"_links":{"self":[{"href":"https:\/\/rnoticias.com.mx\/Portal\/wp-json\/wp\/v2\/posts\/218385","targetHints":{"allow":["GET"]}}],"collection":[{"href":"https:\/\/rnoticias.com.mx\/Portal\/wp-json\/wp\/v2\/posts"}],"about":[{"href":"https:\/\/rnoticias.com.mx\/Portal\/wp-json\/wp\/v2\/types\/post"}],"author":[{"embeddable":true,"href":"https:\/\/rnoticias.com.mx\/Portal\/wp-json\/wp\/v2\/users\/2"}],"replies":[{"embeddable":true,"href":"https:\/\/rnoticias.com.mx\/Portal\/wp-json\/wp\/v2\/comments?post=218385"}],"version-history":[{"count":1,"href":"https:\/\/rnoticias.com.mx\/Portal\/wp-json\/wp\/v2\/posts\/218385\/revisions"}],"predecessor-version":[{"id":218387,"href":"https:\/\/rnoticias.com.mx\/Portal\/wp-json\/wp\/v2\/posts\/218385\/revisions\/218387"}],"wp:featuredmedia":[{"embeddable":true,"href":"https:\/\/rnoticias.com.mx\/Portal\/wp-json\/wp\/v2\/media\/218386"}],"wp:attachment":[{"href":"https:\/\/rnoticias.com.mx\/Portal\/wp-json\/wp\/v2\/media?parent=218385"}],"wp:term":[{"taxonomy":"category","embeddable":true,"href":"https:\/\/rnoticias.com.mx\/Portal\/wp-json\/wp\/v2\/categories?post=218385"},{"taxonomy":"post_tag","embeddable":true,"href":"https:\/\/rnoticias.com.mx\/Portal\/wp-json\/wp\/v2\/tags?post=218385"}],"curies":[{"name":"wp","href":"https:\/\/api.w.org\/{rel}","templated":true}]}}