{"id":218365,"date":"2025-05-14T21:46:52","date_gmt":"2025-05-15T04:46:52","guid":{"rendered":"https:\/\/rnoticias.com.mx\/Portal\/?p=218365"},"modified":"2025-05-14T21:46:52","modified_gmt":"2025-05-15T04:46:52","slug":"iee-sonora-promueve-la-participacion-ciudadana-rumbo-al-1-de-junio-con-jornada-de-volanteo","status":"publish","type":"post","link":"https:\/\/rnoticias.com.mx\/Portal\/2025\/05\/14\/iee-sonora-promueve-la-participacion-ciudadana-rumbo-al-1-de-junio-con-jornada-de-volanteo\/","title":{"rendered":"IEE Sonora promueve la participaci\u00f3n ciudadana rumbo al 1 de junio con jornada de volanteo"},"content":{"rendered":"<p dir=\"ltr\">Con el objetivo de incentivar la participaci\u00f3n ciudadana en la jornada electoral del pr\u00f3ximo 1 de junio, el Instituto Estatal Electoral y de Participaci\u00f3n Ciudadana (IEE Sonora) llev\u00f3 a cabo una activaci\u00f3n informativa en espacios p\u00fablicos.<\/p>\n<p>&nbsp;<\/p>\n<p dir=\"ltr\">Durante esta jornada de volanteo, se invit\u00f3 a la ciudadan\u00eda a ejercer su derecho al voto en una elecci\u00f3n in\u00e9dita en la historia de Sonora: la elecci\u00f3n de quienes impartir\u00e1n justicia en el Poder Judicial del Estado.<\/p>\n<p>&nbsp;<\/p>\n<p dir=\"ltr\">El consejero presidente, Nery Ruiz Arvizu destac\u00f3 la importancia de acercarse a las y los ciudadanos para recordarles la relevancia del proceso electoral extraordinario y motivarlos a participar:<\/p>\n<p>&nbsp;<\/p>\n<p dir=\"ltr\">\u201cTenemos que invitar a que se sumen, la elecci\u00f3n es el 1 de junio. Hay muchas herramientas disponibles para que puedan conocer m\u00e1s sobre las candidaturas, practicar c\u00f3mo votar, ubicar su casilla y que emitan un voto informado y razonado\u201d, mencion\u00f3.<\/p>\n<p>&nbsp;<\/p>\n<p dir=\"ltr\">Esta promoci\u00f3n se dio a las afueras de las instalaciones del IEE Sonora, en uno de los cruces m\u00e1s transitados de Hermosillo, la avenida Luis Donaldo Colosio y Rosales. Contando con la participaci\u00f3n de las consejeras electorales, Linda Viridiana Calder\u00f3n Monta\u00f1o y Flor Terecita Barcel\u00f3 Noriega; los consejeros electorales Benjam\u00edn Hern\u00e1ndez Avalos y Jaime Olea Miranda; adem\u00e1s del secretario ejecutivo Fernando Chapetti Siordia.<\/p>\n<p>&nbsp;<\/p>\n<p dir=\"ltr\">El personal del instituto particip\u00f3 en esta actividad compartiendo con la ciudadan\u00eda informaci\u00f3n clave para la jornada electoral: cargos a elegir, boletas y candidaturas del Proceso Electoral Extraordinario Local del Poder Judicial 2025.<\/p>\n","protected":false},"excerpt":{"rendered":"<p>Con el objetivo de incentivar la participaci\u00f3n ciudadana en la jornada electoral del pr\u00f3ximo 1 de junio, el Instituto Estatal Electoral y de Participaci\u00f3n Ciudadana (IEE Sonora) llev\u00f3 a cabo una activaci\u00f3n informativa en espacios p\u00fablicos. &nbsp; Durante esta jornada de volanteo, se invit\u00f3 a la ciudadan\u00eda a ejercer su derecho al voto en una [&hellip;]<\/p>\n","protected":false},"author":2,"featured_media":218366,"comment_status":"closed","ping_status":"closed","sticky":false,"template":"","format":"standard","meta":{"footnotes":""},"categories":[12870,12868],"tags":[12865,12879],"class_list":["post-218365","post","type-post","status-publish","format-standard","has-post-thumbnail","hentry","category-destacadas","category-politica","tag-destacadas","tag-politica"],"jetpack_featured_media_url":"https:\/\/rnoticias.com.mx\/Portal\/wp-content\/uploads\/2025\/05\/Boletin-IEE-062-1.jpeg","amp_enabled":true,"_links":{"self":[{"href":"https:\/\/rnoticias.com.mx\/Portal\/wp-json\/wp\/v2\/posts\/218365","targetHints":{"allow":["GET"]}}],"collection":[{"href":"https:\/\/rnoticias.com.mx\/Portal\/wp-json\/wp\/v2\/posts"}],"about":[{"href":"https:\/\/rnoticias.com.mx\/Portal\/wp-json\/wp\/v2\/types\/post"}],"author":[{"embeddable":true,"href":"https:\/\/rnoticias.com.mx\/Portal\/wp-json\/wp\/v2\/users\/2"}],"replies":[{"embeddable":true,"href":"https:\/\/rnoticias.com.mx\/Portal\/wp-json\/wp\/v2\/comments?post=218365"}],"version-history":[{"count":1,"href":"https:\/\/rnoticias.com.mx\/Portal\/wp-json\/wp\/v2\/posts\/218365\/revisions"}],"predecessor-version":[{"id":218367,"href":"https:\/\/rnoticias.com.mx\/Portal\/wp-json\/wp\/v2\/posts\/218365\/revisions\/218367"}],"wp:featuredmedia":[{"embeddable":true,"href":"https:\/\/rnoticias.com.mx\/Portal\/wp-json\/wp\/v2\/media\/218366"}],"wp:attachment":[{"href":"https:\/\/rnoticias.com.mx\/Portal\/wp-json\/wp\/v2\/media?parent=218365"}],"wp:term":[{"taxonomy":"category","embeddable":true,"href":"https:\/\/rnoticias.com.mx\/Portal\/wp-json\/wp\/v2\/categories?post=218365"},{"taxonomy":"post_tag","embeddable":true,"href":"https:\/\/rnoticias.com.mx\/Portal\/wp-json\/wp\/v2\/tags?post=218365"}],"curies":[{"name":"wp","href":"https:\/\/api.w.org\/{rel}","templated":true}]}}