{"id":218362,"date":"2025-05-14T21:45:52","date_gmt":"2025-05-15T04:45:52","guid":{"rendered":"https:\/\/rnoticias.com.mx\/Portal\/?p=218362"},"modified":"2025-05-14T21:45:52","modified_gmt":"2025-05-15T04:45:52","slug":"llama-gobierno-de-sonora-a-prevenir-y-detectar-a-tiempo-el-acoso-escolar","status":"publish","type":"post","link":"https:\/\/rnoticias.com.mx\/Portal\/2025\/05\/14\/llama-gobierno-de-sonora-a-prevenir-y-detectar-a-tiempo-el-acoso-escolar\/","title":{"rendered":"Llama Gobierno de Sonora a prevenir y detectar a tiempo el acoso escolar"},"content":{"rendered":"<p>Hermosillo, Sonora; 14 de mayo de 2025.- Con el objetivo de proteger el bienestar emocional y f\u00edsico de ni\u00f1as, ni\u00f1os y adolescentes, la Secretar\u00eda de Salud de Sonora (SSP) hace un llamado a madres, padres de familia y tutores a prevenir y detectar oportunamente el acoso escolar, fen\u00f3meno que se presenta tanto en planteles educativos como en redes sociales.<\/p>\n<p>La dependencia explic\u00f3 que el acoso escolar, tambi\u00e9n conocido como bullying, se manifiesta a trav\u00e9s de burlas constantes, agresiones f\u00edsicas o exclusi\u00f3n intencional, con el prop\u00f3sito de humillar o da\u00f1ar emocionalmente a la v\u00edctima.<\/p>\n<p>Entre las se\u00f1ales de alerta que podr\u00edan indicar que un menor est\u00e1 siendo v\u00edctima de acoso escolar, se encuentran cambios repentinos en su comportamiento, bajo rendimiento acad\u00e9mico, tristeza inexplicable, aislamiento social, insomnio, p\u00e9rdida de peso y apetito, entre otros.<\/p>\n<p>Asimismo, se exhort\u00f3 a madres, padres y tutores a prestar atenci\u00f3n a otros indicadores como lesiones sin explicaci\u00f3n, p\u00e9rdida o da\u00f1o frecuente de pertenencias personales (ropa, libros, dispositivos electr\u00f3nicos o joyer\u00eda), alteraciones en los h\u00e1bitos alimentarios, dificultad para dormir o pesadillas frecuentes, disminuci\u00f3n del c\u00edrculo social, baja autoestima, conductas autodestructivas y pensamientos suicidas.<\/p>\n<p>Para apoyar adecuadamente a quienes atraviesan por esta situaci\u00f3n, la Secretar\u00eda de Salud recomend\u00f3 mantener una comunicaci\u00f3n abierta y constante con ni\u00f1as, ni\u00f1os y adolescentes; fomentar el respeto mutuo; predicar con el ejemplo mediante acciones positivas, as\u00ed como educar sobre el uso seguro y responsable de las redes sociales.<\/p>\n<p>Cabe destacar que la Secretar\u00eda de Salud cuenta con el servicio de la Brigada Psicol\u00f3gica, conformada por personal capacitado que brinda orientaci\u00f3n y apoyo a personas que enfrentan situaciones relacionadas con acoso escolar, depresi\u00f3n, ansiedad o ideaci\u00f3n suicida.<\/p>\n<p>Las y los ciudadanos pueden comunicarse a la l\u00ednea de emergencia 9-1-1 para acceder a este servicio, donde personal especializado en Salud Mental y Adicciones atender\u00e1 la llamada y, de ser necesario, acudir\u00e1 al domicilio para brindar atenci\u00f3n presencial y seguimiento profesional.<\/p>\n","protected":false},"excerpt":{"rendered":"<p>Hermosillo, Sonora; 14 de mayo de 2025.- Con el objetivo de proteger el bienestar emocional y f\u00edsico de ni\u00f1as, ni\u00f1os y adolescentes, la Secretar\u00eda de Salud de Sonora (SSP) hace un llamado a madres, padres de familia y tutores a prevenir y detectar oportunamente el acoso escolar, fen\u00f3meno que se presenta tanto en planteles educativos [&hellip;]<\/p>\n","protected":false},"author":2,"featured_media":218363,"comment_status":"closed","ping_status":"closed","sticky":false,"template":"","format":"standard","meta":{"footnotes":""},"categories":[12870,178],"tags":[12865,12869],"class_list":["post-218362","post","type-post","status-publish","format-standard","has-post-thumbnail","hentry","category-destacadas","category-local","tag-destacadas","tag-local"],"jetpack_featured_media_url":"https:\/\/rnoticias.com.mx\/Portal\/wp-content\/uploads\/2025\/05\/unnamed-66.jpg","amp_enabled":true,"_links":{"self":[{"href":"https:\/\/rnoticias.com.mx\/Portal\/wp-json\/wp\/v2\/posts\/218362","targetHints":{"allow":["GET"]}}],"collection":[{"href":"https:\/\/rnoticias.com.mx\/Portal\/wp-json\/wp\/v2\/posts"}],"about":[{"href":"https:\/\/rnoticias.com.mx\/Portal\/wp-json\/wp\/v2\/types\/post"}],"author":[{"embeddable":true,"href":"https:\/\/rnoticias.com.mx\/Portal\/wp-json\/wp\/v2\/users\/2"}],"replies":[{"embeddable":true,"href":"https:\/\/rnoticias.com.mx\/Portal\/wp-json\/wp\/v2\/comments?post=218362"}],"version-history":[{"count":1,"href":"https:\/\/rnoticias.com.mx\/Portal\/wp-json\/wp\/v2\/posts\/218362\/revisions"}],"predecessor-version":[{"id":218364,"href":"https:\/\/rnoticias.com.mx\/Portal\/wp-json\/wp\/v2\/posts\/218362\/revisions\/218364"}],"wp:featuredmedia":[{"embeddable":true,"href":"https:\/\/rnoticias.com.mx\/Portal\/wp-json\/wp\/v2\/media\/218363"}],"wp:attachment":[{"href":"https:\/\/rnoticias.com.mx\/Portal\/wp-json\/wp\/v2\/media?parent=218362"}],"wp:term":[{"taxonomy":"category","embeddable":true,"href":"https:\/\/rnoticias.com.mx\/Portal\/wp-json\/wp\/v2\/categories?post=218362"},{"taxonomy":"post_tag","embeddable":true,"href":"https:\/\/rnoticias.com.mx\/Portal\/wp-json\/wp\/v2\/tags?post=218362"}],"curies":[{"name":"wp","href":"https:\/\/api.w.org\/{rel}","templated":true}]}}