{"id":218347,"date":"2025-05-14T21:39:47","date_gmt":"2025-05-15T04:39:47","guid":{"rendered":"https:\/\/rnoticias.com.mx\/Portal\/?p=218347"},"modified":"2025-05-14T21:39:47","modified_gmt":"2025-05-15T04:39:47","slug":"preparan-pueblos-originarios-voces-danzas-y-sabores-para-disfrute-de-visitantes-en-las-fiestas-del-pitic-2025","status":"publish","type":"post","link":"https:\/\/rnoticias.com.mx\/Portal\/2025\/05\/14\/preparan-pueblos-originarios-voces-danzas-y-sabores-para-disfrute-de-visitantes-en-las-fiestas-del-pitic-2025\/","title":{"rendered":"Preparan pueblos originarios voces, danzas y sabores para disfrute de visitantes en las Fiestas del Pitic 2025"},"content":{"rendered":"<p><b data-olk-copy-source=\"MessageBody\">Hermosillo, Sonora; 14 de mayo, 2025.-<\/b>Del 22 al 25 de mayo, hermosillenses y visitantes tienen una cita con las expresiones culturales y gastronom\u00eda de las etnias sonorenses con presencia en Hermosillo y tambi\u00e9n con la variedad art\u00edstica que se presentar\u00e1 en el escenario de la Plaza del Mezquite durante las Fiestas del Pitic 2025, comparti\u00f3 Marianna Gonz\u00e1lez Gast\u00e9lum.<\/p>\n<p aria-hidden=\"true\">\n<p>La directora del Instituto Municipal de Cultura y Arte invit\u00f3 a visitar este foro en el que habr\u00e1 danzas tradicionales, venta de artesan\u00edas, pintura facial Comc\u00e1ac y platillos tradicionales de las comunidades Yaqui y Mayo, as\u00ed como m\u00fasica viva cada d\u00eda a partir de las 17:30 horas.<\/p>\n<p aria-hidden=\"true\">\n<p>El jueves 22 de mayo a las 17:30 horas autoridades tradicionales yaquis protagonizar\u00e1n una caminata hacia la Plaza del Mezquite, donde bendecir\u00e1n la ramada que instalar\u00e1n en el lugar y que ser\u00e1 sede de cantos danzas y rituales tradicionales durante los 4 d\u00edas de Fiestas del Pitic, inform\u00f3.<\/p>\n<p aria-hidden=\"true\">\n<p>La variedad art\u00edstica de ese primer d\u00eda arranca con el show Vibrando Alto, con Hay Gregorio a las 19:00 horas, seguido a las 20:00 horas por la presentaci\u00f3n del joven cantante Julio \u00c1vila y el grupo de Latin Jazz Norte\u00f1o Caro Quinteto a las 21:00 horas, abund\u00f3.<\/p>\n<p aria-hidden=\"true\">\n<p>El viernes 23 de mayo, a\u00f1adi\u00f3, se presentar\u00e1 la agrupaci\u00f3n Afternoon Foffee como primer espect\u00e1culo a las 19:00 horas y posteriormente la cantante Ana Salguero presentar\u00e1 su show \u201cSiempre aries Tour\u201d; a las 21:00 horas estar\u00e1 Obreg\u00f3n Latin Jazz y a las 22:00 horas el cantante Dany Symonds.<\/p>\n<p aria-hidden=\"true\">\n<p>A las 19:00 horas del s\u00e1bado 24 de mayo el escenario de la Plaza del Mezquite recibir\u00e1 al grupo musical El Pony Express y una hora despu\u00e9s ser\u00e1 noche de salsa con la Orquesta Pac\u00edfico, seguido de las electrocumbias de Don Genaro, a las 21:00 horas, mencion\u00f3 la directora del IMCA.<\/p>\n<p aria-hidden=\"true\">\n<p>El domingo siguiente, \u00faltimo d\u00eda de Fiestas del Pitic 2025, este foro recibir\u00e1 a las 19:00 horas a Nate &amp; The Gems que presentar\u00e1 el espect\u00e1culo Atarantado Tour y el grupo Hoy Tequila su show Cactus City a las 20:00 horas, mientras que la cantante hermosillense Adriana Moroyoqui protagonizar\u00e1 el concierto de cierre de la noche, revel\u00f3 Marianna Gonz\u00e1lez.<\/p>\n","protected":false},"excerpt":{"rendered":"<p>Hermosillo, Sonora; 14 de mayo, 2025.-Del 22 al 25 de mayo, hermosillenses y visitantes tienen una cita con las expresiones culturales y gastronom\u00eda de las etnias sonorenses con presencia en Hermosillo y tambi\u00e9n con la variedad art\u00edstica que se presentar\u00e1 en el escenario de la Plaza del Mezquite durante las Fiestas del Pitic 2025, comparti\u00f3 [&hellip;]<\/p>\n","protected":false},"author":2,"featured_media":218344,"comment_status":"closed","ping_status":"closed","sticky":false,"template":"","format":"standard","meta":{"footnotes":""},"categories":[12870,178],"tags":[12865,12869],"class_list":["post-218347","post","type-post","status-publish","format-standard","has-post-thumbnail","hentry","category-destacadas","category-local","tag-destacadas","tag-local"],"jetpack_featured_media_url":"https:\/\/rnoticias.com.mx\/Portal\/wp-content\/uploads\/2025\/05\/Preparan-pueblos-originarios-voces-danzas-y-sabores-para-disfrute-de-visitantes-en-las-Fiestas-del-Pitic-202511-scaled.jpg","amp_enabled":true,"_links":{"self":[{"href":"https:\/\/rnoticias.com.mx\/Portal\/wp-json\/wp\/v2\/posts\/218347","targetHints":{"allow":["GET"]}}],"collection":[{"href":"https:\/\/rnoticias.com.mx\/Portal\/wp-json\/wp\/v2\/posts"}],"about":[{"href":"https:\/\/rnoticias.com.mx\/Portal\/wp-json\/wp\/v2\/types\/post"}],"author":[{"embeddable":true,"href":"https:\/\/rnoticias.com.mx\/Portal\/wp-json\/wp\/v2\/users\/2"}],"replies":[{"embeddable":true,"href":"https:\/\/rnoticias.com.mx\/Portal\/wp-json\/wp\/v2\/comments?post=218347"}],"version-history":[{"count":1,"href":"https:\/\/rnoticias.com.mx\/Portal\/wp-json\/wp\/v2\/posts\/218347\/revisions"}],"predecessor-version":[{"id":218349,"href":"https:\/\/rnoticias.com.mx\/Portal\/wp-json\/wp\/v2\/posts\/218347\/revisions\/218349"}],"wp:featuredmedia":[{"embeddable":true,"href":"https:\/\/rnoticias.com.mx\/Portal\/wp-json\/wp\/v2\/media\/218344"}],"wp:attachment":[{"href":"https:\/\/rnoticias.com.mx\/Portal\/wp-json\/wp\/v2\/media?parent=218347"}],"wp:term":[{"taxonomy":"category","embeddable":true,"href":"https:\/\/rnoticias.com.mx\/Portal\/wp-json\/wp\/v2\/categories?post=218347"},{"taxonomy":"post_tag","embeddable":true,"href":"https:\/\/rnoticias.com.mx\/Portal\/wp-json\/wp\/v2\/tags?post=218347"}],"curies":[{"name":"wp","href":"https:\/\/api.w.org\/{rel}","templated":true}]}}