{"id":218325,"date":"2025-05-14T19:39:18","date_gmt":"2025-05-15T02:39:18","guid":{"rendered":"https:\/\/rnoticias.com.mx\/Portal\/?p=218325"},"modified":"2025-05-14T19:39:18","modified_gmt":"2025-05-15T02:39:18","slug":"refuerzan-cerco-sanitario-por-brote-de-sarampion-en-cajeme","status":"publish","type":"post","link":"https:\/\/rnoticias.com.mx\/Portal\/2025\/05\/14\/refuerzan-cerco-sanitario-por-brote-de-sarampion-en-cajeme\/","title":{"rendered":"Refuerzan Cerco Sanitario por Brote de Sarampi\u00f3n en Cajeme"},"content":{"rendered":"<p>El Distrito de Salud n\u00famero Cuatro, con sede en Cajeme, implement\u00f3 de inmediato un cerco sanitario y epidemiol\u00f3gico tras la detecci\u00f3n de los primeros casos de sarampi\u00f3n en 16 trabajadores del campo que habitan en la colonia Antonio Rosales<\/p>\n<p>&nbsp;<\/p>\n<p>H\u00e9ctor Manuel Pi\u00f1uelas Le\u00f3n, coordinador m\u00e9dico en la jurisdicci\u00f3n sanitaria IV de Ciudad Obreg\u00f3n por parte de la Secretar\u00eda de Salud, se\u00f1al\u00f3 que esa medida busca contener la propagaci\u00f3n del virus en la comunidad, principalmente entre trabajadores agr\u00edcolas, quienes han sido los m\u00e1s afectados hasta el momento.<\/p>\n<p>&nbsp;<\/p>\n<p><strong>\u201cLa recomendaci\u00f3n es que se vacunen todos, que est\u00e9n actualizados con su esquema de vacunaci\u00f3n completo para evitar la transmisi\u00f3n de la enfermedad. Recordar que el sarampi\u00f3n es importado, tiene del estado de Chihuahua y la gente que viene a trabajar a los campos agr\u00edcolas es la que se ha enfermado\u201d, dijo.<\/strong><\/p>\n<p>&nbsp;<\/p>\n<p>Recalc\u00f3, que desde el pasado primero de abril se activ\u00f3 una intensa campa\u00f1a de vacunaci\u00f3n en dicha colonia, as\u00ed como tambi\u00e9n en otros sectores de la comisar\u00eda del Tobarito\/Marte R. G\u00f3mez, con el objetivo de proteger a la poblaci\u00f3n vulnerable, supervisar posibles nuevos casos y cortar la cadena de contagios.<\/p>\n","protected":false},"excerpt":{"rendered":"<p>El Distrito de Salud n\u00famero Cuatro, con sede en Cajeme, implement\u00f3 de inmediato un cerco sanitario y epidemiol\u00f3gico tras la detecci\u00f3n de los primeros casos de sarampi\u00f3n en 16 trabajadores del campo que habitan en la colonia Antonio Rosales &nbsp; H\u00e9ctor Manuel Pi\u00f1uelas Le\u00f3n, coordinador m\u00e9dico en la jurisdicci\u00f3n sanitaria IV de Ciudad Obreg\u00f3n por [&hellip;]<\/p>\n","protected":false},"author":2,"featured_media":218326,"comment_status":"closed","ping_status":"closed","sticky":false,"template":"","format":"standard","meta":{"footnotes":""},"categories":[12870,174],"tags":[12865,12873],"class_list":["post-218325","post","type-post","status-publish","format-standard","has-post-thumbnail","hentry","category-destacadas","category-estatal","tag-destacadas","tag-estatal"],"jetpack_featured_media_url":"https:\/\/rnoticias.com.mx\/Portal\/wp-content\/uploads\/2025\/05\/vacuna1.jpeg","amp_enabled":true,"_links":{"self":[{"href":"https:\/\/rnoticias.com.mx\/Portal\/wp-json\/wp\/v2\/posts\/218325","targetHints":{"allow":["GET"]}}],"collection":[{"href":"https:\/\/rnoticias.com.mx\/Portal\/wp-json\/wp\/v2\/posts"}],"about":[{"href":"https:\/\/rnoticias.com.mx\/Portal\/wp-json\/wp\/v2\/types\/post"}],"author":[{"embeddable":true,"href":"https:\/\/rnoticias.com.mx\/Portal\/wp-json\/wp\/v2\/users\/2"}],"replies":[{"embeddable":true,"href":"https:\/\/rnoticias.com.mx\/Portal\/wp-json\/wp\/v2\/comments?post=218325"}],"version-history":[{"count":1,"href":"https:\/\/rnoticias.com.mx\/Portal\/wp-json\/wp\/v2\/posts\/218325\/revisions"}],"predecessor-version":[{"id":218327,"href":"https:\/\/rnoticias.com.mx\/Portal\/wp-json\/wp\/v2\/posts\/218325\/revisions\/218327"}],"wp:featuredmedia":[{"embeddable":true,"href":"https:\/\/rnoticias.com.mx\/Portal\/wp-json\/wp\/v2\/media\/218326"}],"wp:attachment":[{"href":"https:\/\/rnoticias.com.mx\/Portal\/wp-json\/wp\/v2\/media?parent=218325"}],"wp:term":[{"taxonomy":"category","embeddable":true,"href":"https:\/\/rnoticias.com.mx\/Portal\/wp-json\/wp\/v2\/categories?post=218325"},{"taxonomy":"post_tag","embeddable":true,"href":"https:\/\/rnoticias.com.mx\/Portal\/wp-json\/wp\/v2\/tags?post=218325"}],"curies":[{"name":"wp","href":"https:\/\/api.w.org\/{rel}","templated":true}]}}