{"id":218322,"date":"2025-05-14T19:37:17","date_gmt":"2025-05-15T02:37:17","guid":{"rendered":"https:\/\/rnoticias.com.mx\/Portal\/?p=218322"},"modified":"2025-05-14T19:37:17","modified_gmt":"2025-05-15T02:37:17","slug":"olas-de-calor-afectan-a-jornaleros","status":"publish","type":"post","link":"https:\/\/rnoticias.com.mx\/Portal\/2025\/05\/14\/olas-de-calor-afectan-a-jornaleros\/","title":{"rendered":"&#8220;Olas de calor afectan a jornaleros&#8221;"},"content":{"rendered":"<p>Hermosillo, Sonora. Las altas temperaturas que se registran en Sonora durante las olas de calor representan un serio riesgo para la salud y seguridad de los trabajadores agr\u00edcolas, quienes laboran al aire libre expuestos a condiciones extremas que pueden superar los 45 grados cent\u00edgrados.<\/p>\n<p>&nbsp;<\/p>\n<p>Jos\u00e9 Eduardo Calvario Parra, Soci\u00f3logo y especialista en temas agr\u00edcolas, advirti\u00f3 sobre esta situaci\u00f3n con base en un estudio realizado entre 2019 y 2023 en las comunidades de Poblado Miguel Alem\u00e1n y Estaci\u00f3n Pesqueira.<\/p>\n<p>&nbsp;<\/p>\n<p><strong>\u201cMi investigaci\u00f3n se centr\u00f3 en las lesiones relacionadas con el calor sufridas por los jornaleros del campo en esas dos comunidades de Sonora\u201d, cont\u00f3.<\/strong><\/p>\n<p>&nbsp;<\/p>\n<p>Entre los padecimientos m\u00e1s comunes que enfrentan estos trabajadores debido a la exposici\u00f3n prolongada al calor, se encuentran la deshidrataci\u00f3n, insolaci\u00f3n, golpes de calor y quemaduras solares, los cuales son atendidos y registrados por la Secretar\u00eda de Salud.<\/p>\n<p>&nbsp;<\/p>\n<p>Calvario Parra destac\u00f3 que, debido a su actividad laboral, los jornaleros agr\u00edcolas ocupan el primer lugar en la tasa de incidencia de afectaciones por temperaturas extremas en la entidad.<\/p>\n","protected":false},"excerpt":{"rendered":"<p>Hermosillo, Sonora. Las altas temperaturas que se registran en Sonora durante las olas de calor representan un serio riesgo para la salud y seguridad de los trabajadores agr\u00edcolas, quienes laboran al aire libre expuestos a condiciones extremas que pueden superar los 45 grados cent\u00edgrados. &nbsp; Jos\u00e9 Eduardo Calvario Parra, Soci\u00f3logo y especialista en temas agr\u00edcolas, [&hellip;]<\/p>\n","protected":false},"author":2,"featured_media":218323,"comment_status":"closed","ping_status":"closed","sticky":false,"template":"","format":"standard","meta":{"footnotes":""},"categories":[12870,178],"tags":[12865,12869],"class_list":["post-218322","post","type-post","status-publish","format-standard","has-post-thumbnail","hentry","category-destacadas","category-local","tag-destacadas","tag-local"],"jetpack_featured_media_url":"https:\/\/rnoticias.com.mx\/Portal\/wp-content\/uploads\/2025\/05\/6muertes_Mexicali_2.jpeg","amp_enabled":true,"_links":{"self":[{"href":"https:\/\/rnoticias.com.mx\/Portal\/wp-json\/wp\/v2\/posts\/218322","targetHints":{"allow":["GET"]}}],"collection":[{"href":"https:\/\/rnoticias.com.mx\/Portal\/wp-json\/wp\/v2\/posts"}],"about":[{"href":"https:\/\/rnoticias.com.mx\/Portal\/wp-json\/wp\/v2\/types\/post"}],"author":[{"embeddable":true,"href":"https:\/\/rnoticias.com.mx\/Portal\/wp-json\/wp\/v2\/users\/2"}],"replies":[{"embeddable":true,"href":"https:\/\/rnoticias.com.mx\/Portal\/wp-json\/wp\/v2\/comments?post=218322"}],"version-history":[{"count":1,"href":"https:\/\/rnoticias.com.mx\/Portal\/wp-json\/wp\/v2\/posts\/218322\/revisions"}],"predecessor-version":[{"id":218324,"href":"https:\/\/rnoticias.com.mx\/Portal\/wp-json\/wp\/v2\/posts\/218322\/revisions\/218324"}],"wp:featuredmedia":[{"embeddable":true,"href":"https:\/\/rnoticias.com.mx\/Portal\/wp-json\/wp\/v2\/media\/218323"}],"wp:attachment":[{"href":"https:\/\/rnoticias.com.mx\/Portal\/wp-json\/wp\/v2\/media?parent=218322"}],"wp:term":[{"taxonomy":"category","embeddable":true,"href":"https:\/\/rnoticias.com.mx\/Portal\/wp-json\/wp\/v2\/categories?post=218322"},{"taxonomy":"post_tag","embeddable":true,"href":"https:\/\/rnoticias.com.mx\/Portal\/wp-json\/wp\/v2\/tags?post=218322"}],"curies":[{"name":"wp","href":"https:\/\/api.w.org\/{rel}","templated":true}]}}