{"id":218319,"date":"2025-05-14T19:36:25","date_gmt":"2025-05-15T02:36:25","guid":{"rendered":"https:\/\/rnoticias.com.mx\/Portal\/?p=218319"},"modified":"2025-05-14T19:36:25","modified_gmt":"2025-05-15T02:36:25","slug":"signan-convenio-colegio-de-notarios-y-barra-sonorense-de-abogados","status":"publish","type":"post","link":"https:\/\/rnoticias.com.mx\/Portal\/2025\/05\/14\/signan-convenio-colegio-de-notarios-y-barra-sonorense-de-abogados\/","title":{"rendered":"Signan convenio Colegio de Notarios y Barra Sonorense de Abogados"},"content":{"rendered":"<p>&nbsp;<\/p>\n<p>Hermosillo, Sonora.\u00a0 Con el objetivo de capacitarse en temas diversos para ambas organizaciones y redundar en ofrecer un mejor servicio a la sociedad, se firm\u00f3 un convenio de colaboraci\u00f3n entre el Colegio de Notarios del Estado de Sonora y la Barra Sonorense de Abogados.<\/p>\n<p>&nbsp;<\/p>\n<p>Rene Luna Sugich, presidente del Colegio de Notarios del Estado de Sonora, expuso que la firma de ese convenio con la organizaci\u00f3n que dirige Jos\u00e9 Manuel \u00c1vila Valenzuela, traer\u00e1 muchos beneficios apoyados en capacitaci\u00f3n conjunta.<\/p>\n<p>&nbsp;<\/p>\n<p><strong>\u00a0\u201cLa barra tiene mucho talento, gente con mucha experiencia, tienen abogados litigantes que han recopilado demasiada informaci\u00f3n jur\u00eddica y la quieren compartir con nosotros. <\/strong><\/p>\n<p><strong>De nuestro lado es igual para ellos: experiencias que nos han pasado a muchos notarios en Sonora y vamos a intercambiar ese tipo de cosas\u201d, inform\u00f3.<\/strong><\/p>\n<p>&nbsp;<\/p>\n<p>Agreg\u00f3, que otros de los resultados que ofrecer\u00e1 ese trabajo en equipo, ser\u00e1 el de armonizar las leyes, ya que actualmente hay reformas a nivel federal, leyes secundarias, reglamentos que se necesitan armonizar en el estado de Sonora.<\/p>\n<p>&nbsp;<\/p>\n<p>Finalmente, Luna Sugich reconoci\u00f3, que todo este esfuerzo redundar\u00e1 en la obtenci\u00f3n de tr\u00e1mites m\u00e1s \u00e1giles para el ciudadano, contar con normas jur\u00eddicas m\u00e1s accesibles y todo m\u00e1s adecuado a la realidad de los tiempos actuales.<\/p>\n<p>&nbsp;<\/p>\n","protected":false},"excerpt":{"rendered":"<p>&nbsp; Hermosillo, Sonora.\u00a0 Con el objetivo de capacitarse en temas diversos para ambas organizaciones y redundar en ofrecer un mejor servicio a la sociedad, se firm\u00f3 un convenio de colaboraci\u00f3n entre el Colegio de Notarios del Estado de Sonora y la Barra Sonorense de Abogados. &nbsp; Rene Luna Sugich, presidente del Colegio de Notarios del [&hellip;]<\/p>\n","protected":false},"author":2,"featured_media":218320,"comment_status":"closed","ping_status":"closed","sticky":false,"template":"","format":"standard","meta":{"footnotes":""},"categories":[12870,178],"tags":[12865,12869],"class_list":["post-218319","post","type-post","status-publish","format-standard","has-post-thumbnail","hentry","category-destacadas","category-local","tag-destacadas","tag-local"],"jetpack_featured_media_url":"https:\/\/rnoticias.com.mx\/Portal\/wp-content\/uploads\/2025\/05\/30375b78-d6d9-43af-8e8f-2cefdc8d6740.jpg","amp_enabled":true,"_links":{"self":[{"href":"https:\/\/rnoticias.com.mx\/Portal\/wp-json\/wp\/v2\/posts\/218319","targetHints":{"allow":["GET"]}}],"collection":[{"href":"https:\/\/rnoticias.com.mx\/Portal\/wp-json\/wp\/v2\/posts"}],"about":[{"href":"https:\/\/rnoticias.com.mx\/Portal\/wp-json\/wp\/v2\/types\/post"}],"author":[{"embeddable":true,"href":"https:\/\/rnoticias.com.mx\/Portal\/wp-json\/wp\/v2\/users\/2"}],"replies":[{"embeddable":true,"href":"https:\/\/rnoticias.com.mx\/Portal\/wp-json\/wp\/v2\/comments?post=218319"}],"version-history":[{"count":1,"href":"https:\/\/rnoticias.com.mx\/Portal\/wp-json\/wp\/v2\/posts\/218319\/revisions"}],"predecessor-version":[{"id":218321,"href":"https:\/\/rnoticias.com.mx\/Portal\/wp-json\/wp\/v2\/posts\/218319\/revisions\/218321"}],"wp:featuredmedia":[{"embeddable":true,"href":"https:\/\/rnoticias.com.mx\/Portal\/wp-json\/wp\/v2\/media\/218320"}],"wp:attachment":[{"href":"https:\/\/rnoticias.com.mx\/Portal\/wp-json\/wp\/v2\/media?parent=218319"}],"wp:term":[{"taxonomy":"category","embeddable":true,"href":"https:\/\/rnoticias.com.mx\/Portal\/wp-json\/wp\/v2\/categories?post=218319"},{"taxonomy":"post_tag","embeddable":true,"href":"https:\/\/rnoticias.com.mx\/Portal\/wp-json\/wp\/v2\/tags?post=218319"}],"curies":[{"name":"wp","href":"https:\/\/api.w.org\/{rel}","templated":true}]}}