{"id":218316,"date":"2025-05-14T19:35:34","date_gmt":"2025-05-15T02:35:34","guid":{"rendered":"https:\/\/rnoticias.com.mx\/Portal\/?p=218316"},"modified":"2025-05-14T19:35:34","modified_gmt":"2025-05-15T02:35:34","slug":"nublados-abarcan-la-mayor-parte-de-sonora-conagua","status":"publish","type":"post","link":"https:\/\/rnoticias.com.mx\/Portal\/2025\/05\/14\/nublados-abarcan-la-mayor-parte-de-sonora-conagua\/","title":{"rendered":"Nublados abarcan la mayor parte de Sonora: Conagua"},"content":{"rendered":"<p>La Comisi\u00f3n Nacional del Agua (Conagua) en Sonora, informa que la mayor parte del estado ha registrado condiciones de nublados, y esto a consecuencia de efectos indirectos del frente fr\u00edo n\u00famero 43 de la temporada.<\/p>\n<p>&nbsp;<\/p>\n<p>Gilberto Lagarda V\u00e1zquez, especialista t\u00e9cnico de Conagua, dio a conocer que esa situaci\u00f3n est\u00e1 generando estos nublados altos y d\u00e9biles para la mayor parte del territorio sonorense, acompa\u00f1ada de una reducci\u00f3n ligera de temperaturas.<\/p>\n<p>&nbsp;<\/p>\n<p><strong>\u00a0\u201cVan a generar cielos de nublados a medios nublados durante este d\u00eda, pero sin posibilidad de que se presenten lluvias a pesar de que son altos y d\u00e9biles los nublados que se est\u00e1n registrando. Lo que, si es que vamos a tener algo de vientos por efectos indirectos del frente, ser\u00e1n de moderados a fuertes principalmente sobre el norte y oriente del estado\u201d, cont\u00f3.<\/strong><\/p>\n<p>&nbsp;<\/p>\n<p>Por otra parte, Lagarda V\u00e1zquez mencion\u00f3, que a partir de este jueves en Sonora se comenzar\u00e1n a recuperar ligeramente las temperaturas en especial las m\u00e1ximas de 2 a 3 grados m\u00e1s en promedio y los cielos estar\u00e1n mayormente despejados.<\/p>\n<p>&nbsp;<\/p>\n","protected":false},"excerpt":{"rendered":"<p>La Comisi\u00f3n Nacional del Agua (Conagua) en Sonora, informa que la mayor parte del estado ha registrado condiciones de nublados, y esto a consecuencia de efectos indirectos del frente fr\u00edo n\u00famero 43 de la temporada. &nbsp; Gilberto Lagarda V\u00e1zquez, especialista t\u00e9cnico de Conagua, dio a conocer que esa situaci\u00f3n est\u00e1 generando estos nublados altos y [&hellip;]<\/p>\n","protected":false},"author":2,"featured_media":218317,"comment_status":"closed","ping_status":"closed","sticky":false,"template":"","format":"standard","meta":{"footnotes":""},"categories":[12870,174],"tags":[12865,12873],"class_list":["post-218316","post","type-post","status-publish","format-standard","has-post-thumbnail","hentry","category-destacadas","category-estatal","tag-destacadas","tag-estatal"],"jetpack_featured_media_url":"https:\/\/rnoticias.com.mx\/Portal\/wp-content\/uploads\/2025\/05\/f720x404-603122_644694_5295.webp","amp_enabled":true,"_links":{"self":[{"href":"https:\/\/rnoticias.com.mx\/Portal\/wp-json\/wp\/v2\/posts\/218316","targetHints":{"allow":["GET"]}}],"collection":[{"href":"https:\/\/rnoticias.com.mx\/Portal\/wp-json\/wp\/v2\/posts"}],"about":[{"href":"https:\/\/rnoticias.com.mx\/Portal\/wp-json\/wp\/v2\/types\/post"}],"author":[{"embeddable":true,"href":"https:\/\/rnoticias.com.mx\/Portal\/wp-json\/wp\/v2\/users\/2"}],"replies":[{"embeddable":true,"href":"https:\/\/rnoticias.com.mx\/Portal\/wp-json\/wp\/v2\/comments?post=218316"}],"version-history":[{"count":1,"href":"https:\/\/rnoticias.com.mx\/Portal\/wp-json\/wp\/v2\/posts\/218316\/revisions"}],"predecessor-version":[{"id":218318,"href":"https:\/\/rnoticias.com.mx\/Portal\/wp-json\/wp\/v2\/posts\/218316\/revisions\/218318"}],"wp:featuredmedia":[{"embeddable":true,"href":"https:\/\/rnoticias.com.mx\/Portal\/wp-json\/wp\/v2\/media\/218317"}],"wp:attachment":[{"href":"https:\/\/rnoticias.com.mx\/Portal\/wp-json\/wp\/v2\/media?parent=218316"}],"wp:term":[{"taxonomy":"category","embeddable":true,"href":"https:\/\/rnoticias.com.mx\/Portal\/wp-json\/wp\/v2\/categories?post=218316"},{"taxonomy":"post_tag","embeddable":true,"href":"https:\/\/rnoticias.com.mx\/Portal\/wp-json\/wp\/v2\/tags?post=218316"}],"curies":[{"name":"wp","href":"https:\/\/api.w.org\/{rel}","templated":true}]}}