{"id":218313,"date":"2025-05-14T19:34:13","date_gmt":"2025-05-15T02:34:13","guid":{"rendered":"https:\/\/rnoticias.com.mx\/Portal\/?p=218313"},"modified":"2025-05-14T19:34:13","modified_gmt":"2025-05-15T02:34:13","slug":"invita-ccps-a-semana-de-la-contaduria-2025","status":"publish","type":"post","link":"https:\/\/rnoticias.com.mx\/Portal\/2025\/05\/14\/invita-ccps-a-semana-de-la-contaduria-2025\/","title":{"rendered":"Invita CCPS a Semana de la Contadur\u00eda 2025"},"content":{"rendered":"<p>Hermosillo, Sonora.\u00a0 El Colegio de Contadores P\u00fablicos de Sonora (CCPS), invita al gremio en la entidad, as\u00ed como al p\u00fablico en general, a formar parte de una amplia gama de actividades que se van a ofrecer del 21 al 23 de mayo dentro de la Semana de la Contadur\u00eda 2025.<\/p>\n<p>&nbsp;<\/p>\n<p>Guadalupe Ruiz Durazo, presidenta en Sonora de esa organizaci\u00f3n, detall\u00f3 que se hace extensiva la invitaci\u00f3n a formar parte en la edici\u00f3n 67 de esa Semana de la Contadur\u00eda 2025 y la cual va a desarrollar en esos tres d\u00edas de 3 a 7 de la tarde una variedad de conferencias en las instalaciones del Colegio de Contadores P\u00fablicos de Sonora.<\/p>\n<p>&nbsp;<\/p>\n<p><strong>\u00a0\u201cNuestras conferencias son todas de temas variados, actuales, van al punto medular, son de menos de una hora, con sesiones de preguntas y respuestas, con especialistas para ver los temas que nos interesan a todos porque son variados. As\u00ed que al p\u00fablico en general y otros profesionales no solo los contadores, tambi\u00e9n est\u00e1n invitados\u201d, indic\u00f3.<\/strong><\/p>\n<p>&nbsp;<\/p>\n<p>Entre los temas claves que se abordar\u00e1n destacan: seguridad social, fiscalidad internacional, sostenibilidad financiera, reformas laborales y contabilidad gubernamental.<\/p>\n<p>&nbsp;<\/p>\n<p>Para mayores informes, las personas interesadas en participar en este evento, pueden solicitar informaci\u00f3n a trav\u00e9s de sus redes sociales y los encuentran como Colegio de Contadores P\u00fablicos de Sonora en Facebook, Twitter e Instagram; marcar al 6622 132145 o por el WhatsApp: 6624 67 1681.<\/p>\n","protected":false},"excerpt":{"rendered":"<p>Hermosillo, Sonora.\u00a0 El Colegio de Contadores P\u00fablicos de Sonora (CCPS), invita al gremio en la entidad, as\u00ed como al p\u00fablico en general, a formar parte de una amplia gama de actividades que se van a ofrecer del 21 al 23 de mayo dentro de la Semana de la Contadur\u00eda 2025. &nbsp; Guadalupe Ruiz Durazo, presidenta [&hellip;]<\/p>\n","protected":false},"author":2,"featured_media":218314,"comment_status":"closed","ping_status":"closed","sticky":false,"template":"","format":"standard","meta":{"footnotes":""},"categories":[12870,178],"tags":[12865,12869],"class_list":["post-218313","post","type-post","status-publish","format-standard","has-post-thumbnail","hentry","category-destacadas","category-local","tag-destacadas","tag-local"],"jetpack_featured_media_url":"https:\/\/rnoticias.com.mx\/Portal\/wp-content\/uploads\/2025\/05\/d020c337-aebb-466e-b2a8-7c85f16bd716.jpg","amp_enabled":true,"_links":{"self":[{"href":"https:\/\/rnoticias.com.mx\/Portal\/wp-json\/wp\/v2\/posts\/218313","targetHints":{"allow":["GET"]}}],"collection":[{"href":"https:\/\/rnoticias.com.mx\/Portal\/wp-json\/wp\/v2\/posts"}],"about":[{"href":"https:\/\/rnoticias.com.mx\/Portal\/wp-json\/wp\/v2\/types\/post"}],"author":[{"embeddable":true,"href":"https:\/\/rnoticias.com.mx\/Portal\/wp-json\/wp\/v2\/users\/2"}],"replies":[{"embeddable":true,"href":"https:\/\/rnoticias.com.mx\/Portal\/wp-json\/wp\/v2\/comments?post=218313"}],"version-history":[{"count":1,"href":"https:\/\/rnoticias.com.mx\/Portal\/wp-json\/wp\/v2\/posts\/218313\/revisions"}],"predecessor-version":[{"id":218315,"href":"https:\/\/rnoticias.com.mx\/Portal\/wp-json\/wp\/v2\/posts\/218313\/revisions\/218315"}],"wp:featuredmedia":[{"embeddable":true,"href":"https:\/\/rnoticias.com.mx\/Portal\/wp-json\/wp\/v2\/media\/218314"}],"wp:attachment":[{"href":"https:\/\/rnoticias.com.mx\/Portal\/wp-json\/wp\/v2\/media?parent=218313"}],"wp:term":[{"taxonomy":"category","embeddable":true,"href":"https:\/\/rnoticias.com.mx\/Portal\/wp-json\/wp\/v2\/categories?post=218313"},{"taxonomy":"post_tag","embeddable":true,"href":"https:\/\/rnoticias.com.mx\/Portal\/wp-json\/wp\/v2\/tags?post=218313"}],"curies":[{"name":"wp","href":"https:\/\/api.w.org\/{rel}","templated":true}]}}