{"id":218310,"date":"2025-05-14T19:32:47","date_gmt":"2025-05-15T02:32:47","guid":{"rendered":"https:\/\/rnoticias.com.mx\/Portal\/?p=218310"},"modified":"2025-05-14T19:32:47","modified_gmt":"2025-05-15T02:32:47","slug":"hermosillo-se-mantiene-libre-de-casos-de-dengue-segun-salud-municipal","status":"publish","type":"post","link":"https:\/\/rnoticias.com.mx\/Portal\/2025\/05\/14\/hermosillo-se-mantiene-libre-de-casos-de-dengue-segun-salud-municipal\/","title":{"rendered":"Hermosillo se mantiene libre de casos de dengue, seg\u00fan Salud Municipal"},"content":{"rendered":"<p>Hermosillo, Sonora. La ciudad de Hermosillo contin\u00faa sin registrar casos de dengue hasta la fecha, as\u00ed lo dio a conocer Luis Becerra Hurtado, director de Salud P\u00fablica Municipal.<\/p>\n<p>&nbsp;<\/p>\n<p>Aunque no se descarta la posibilidad de que puedan presentarse contagios en los pr\u00f3ximos meses, las autoridades locales aseguran que se mantienen activos los esfuerzos preventivos para contener cualquier brote.<\/p>\n<p>&nbsp;<\/p>\n<p><strong>\u201cSi bien la ciudad se encuentra en cero casos actualmente, esto no significa que est\u00e9 exenta de riesgo. Afortunadamente seguimos en cero en el tema de dengue aqu\u00ed en Hermosillo, eso no significa que no habr\u00e1, por supuesto que va a haber casos, pero estamos haciendo todas las acciones para evitar brotes y epidemias\u201d, dijo.<\/strong><\/p>\n<p>&nbsp;<\/p>\n<p>Como parte de las medidas de prevenci\u00f3n, se han llevado a cabo jornadas de descacharre en aproximadamente 20 colonias de Hermosillo, as\u00ed como en comunidades rurales como el Poblado Miguel Alem\u00e1n, Topahue, Punta Chueca y Bah\u00eda de Kino. Estas acciones buscan eliminar criaderos del mosquito transmisor del dengue.<\/p>\n<p>&nbsp;<\/p>\n<p>Adem\u00e1s, en colaboraci\u00f3n con la Secretar\u00eda de Salud, se han realizado fumigaciones a\u00e9reas como refuerzo para combatir la presencia del vector. Las autoridades exhortan a la poblaci\u00f3n a colaborar con estas actividades manteniendo sus patios limpios y libres de objetos que acumulen agua.<\/p>\n<p>&nbsp;<\/p>\n","protected":false},"excerpt":{"rendered":"<p>Hermosillo, Sonora. La ciudad de Hermosillo contin\u00faa sin registrar casos de dengue hasta la fecha, as\u00ed lo dio a conocer Luis Becerra Hurtado, director de Salud P\u00fablica Municipal. &nbsp; Aunque no se descarta la posibilidad de que puedan presentarse contagios en los pr\u00f3ximos meses, las autoridades locales aseguran que se mantienen activos los esfuerzos preventivos [&hellip;]<\/p>\n","protected":false},"author":2,"featured_media":218311,"comment_status":"closed","ping_status":"closed","sticky":false,"template":"","format":"standard","meta":{"footnotes":""},"categories":[12870,178],"tags":[12865,12869],"class_list":["post-218310","post","type-post","status-publish","format-standard","has-post-thumbnail","hentry","category-destacadas","category-local","tag-destacadas","tag-local"],"jetpack_featured_media_url":"https:\/\/rnoticias.com.mx\/Portal\/wp-content\/uploads\/2025\/05\/64875e184283c__940x940.webp","amp_enabled":true,"_links":{"self":[{"href":"https:\/\/rnoticias.com.mx\/Portal\/wp-json\/wp\/v2\/posts\/218310","targetHints":{"allow":["GET"]}}],"collection":[{"href":"https:\/\/rnoticias.com.mx\/Portal\/wp-json\/wp\/v2\/posts"}],"about":[{"href":"https:\/\/rnoticias.com.mx\/Portal\/wp-json\/wp\/v2\/types\/post"}],"author":[{"embeddable":true,"href":"https:\/\/rnoticias.com.mx\/Portal\/wp-json\/wp\/v2\/users\/2"}],"replies":[{"embeddable":true,"href":"https:\/\/rnoticias.com.mx\/Portal\/wp-json\/wp\/v2\/comments?post=218310"}],"version-history":[{"count":1,"href":"https:\/\/rnoticias.com.mx\/Portal\/wp-json\/wp\/v2\/posts\/218310\/revisions"}],"predecessor-version":[{"id":218312,"href":"https:\/\/rnoticias.com.mx\/Portal\/wp-json\/wp\/v2\/posts\/218310\/revisions\/218312"}],"wp:featuredmedia":[{"embeddable":true,"href":"https:\/\/rnoticias.com.mx\/Portal\/wp-json\/wp\/v2\/media\/218311"}],"wp:attachment":[{"href":"https:\/\/rnoticias.com.mx\/Portal\/wp-json\/wp\/v2\/media?parent=218310"}],"wp:term":[{"taxonomy":"category","embeddable":true,"href":"https:\/\/rnoticias.com.mx\/Portal\/wp-json\/wp\/v2\/categories?post=218310"},{"taxonomy":"post_tag","embeddable":true,"href":"https:\/\/rnoticias.com.mx\/Portal\/wp-json\/wp\/v2\/tags?post=218310"}],"curies":[{"name":"wp","href":"https:\/\/api.w.org\/{rel}","templated":true}]}}