{"id":218307,"date":"2025-05-14T19:08:03","date_gmt":"2025-05-15T02:08:03","guid":{"rendered":"https:\/\/rnoticias.com.mx\/Portal\/?p=218307"},"modified":"2025-05-14T19:08:03","modified_gmt":"2025-05-15T02:08:03","slug":"domenec-torrent-se-echa-para-atras-y-surge-un-nuevo-candidato-en-chivas","status":"publish","type":"post","link":"https:\/\/rnoticias.com.mx\/Portal\/2025\/05\/14\/domenec-torrent-se-echa-para-atras-y-surge-un-nuevo-candidato-en-chivas\/","title":{"rendered":"Dom\u00e8nec Torrent se echa para atr\u00e1s y surge un nuevo candidato en Chivas"},"content":{"rendered":"<p><strong>Chivas\u00a0<\/strong>ha dado un paso atr\u00e1s en su b\u00fasqueda de entrenador para el pr\u00f3ximo a\u00f1o futbol\u00edstico. Pese a m\u00faltiples reuniones y semanas de an\u00e1lisis, la dirigencia del club no logr\u00f3 llegar a un acuerdo con\u00a0<strong>Domenec Torrent<\/strong>, quien era la principal opci\u00f3n para tomar las riendas del equipo.<\/p>\n<p>La negociaci\u00f3n se estanc\u00f3 luego de que el espa\u00f1ol pidi\u00f3 un aumento, motivo por el cual\u00a0<strong>la directiva del Guadalajara no consigui\u00f3 cerrar los t\u00e9rminos deseados con el entrenador espa\u00f1ol, por lo que el proyecto que se perfilaba con \u00e9l al frente ha quedado en pausa.<\/strong><\/p>\n<p>Ahora el conjunto rojiblanco\u00a0busca m\u00e1s opciones\u00a0y tal parece que tienen uno en su lista. De acuerdo con el periodista\u00a0<strong>C\u00e9sar Luis Merlo<\/strong>, quien fue el primero en reportar sobre la fallida negociaci\u00f3n con Torrent, Chivas tiene en la mira a\u00a0<strong>Jorge Almir\u00f3n<\/strong>.<\/p>\n<p>Almir\u00f3n es el director t\u00e9cnico de<strong>\u00a0Colo-Colo<\/strong>\u00a0en\u00a0<strong>Chile<\/strong>, y aunque actualmente atraviesa un momento complicado con el club chileno, tanto en la\u00a0<strong>liga local<\/strong>\u00a0como en la\u00a0<strong>Copa Libertadores<\/strong>, cuenta con una trayectoria considerable en el f\u00fatbol mexicano, tanto como jugador como en su etapa como entrenador con equipos como\u00a0<strong>Dorados y Tijuana<\/strong>.<\/p>\n<p>Sin embargo hay un punto clave, pues el t\u00e9cnico argentino tiene cl\u00e1usula de rescisi\u00f3n y Chivas tendr\u00eda que desembolsar, algo que podr\u00eda afectar en su traspaso.<\/p>\n<p>El equipo tiene previsto regresar en una semana a los trabajos de pretemporada. Algunos jugadores ya se encuentran en Guadalajara realizando trabajos individuales tras varias semanas de vacaciones, sin embargo, a\u00fan no hay un t\u00e9cnico confirmado.<\/p>\n","protected":false},"excerpt":{"rendered":"<p>Chivas\u00a0ha dado un paso atr\u00e1s en su b\u00fasqueda de entrenador para el pr\u00f3ximo a\u00f1o futbol\u00edstico. Pese a m\u00faltiples reuniones y semanas de an\u00e1lisis, la dirigencia del club no logr\u00f3 llegar a un acuerdo con\u00a0Domenec Torrent, quien era la principal opci\u00f3n para tomar las riendas del equipo. La negociaci\u00f3n se estanc\u00f3 luego de que el espa\u00f1ol [&hellip;]<\/p>\n","protected":false},"author":2,"featured_media":218308,"comment_status":"closed","ping_status":"closed","sticky":false,"template":"","format":"standard","meta":{"footnotes":""},"categories":[188,12870],"tags":[5231,12865],"class_list":["post-218307","post","type-post","status-publish","format-standard","has-post-thumbnail","hentry","category-deportes","category-destacadas","tag-deportes","tag-destacadas"],"jetpack_featured_media_url":"https:\/\/rnoticias.com.mx\/Portal\/wp-content\/uploads\/2025\/05\/chivas-elige-a-domenec-torrent-como-su-nuevo-director-tecnico-para-el-apertura-2025-5546e2b9.png","amp_enabled":true,"_links":{"self":[{"href":"https:\/\/rnoticias.com.mx\/Portal\/wp-json\/wp\/v2\/posts\/218307","targetHints":{"allow":["GET"]}}],"collection":[{"href":"https:\/\/rnoticias.com.mx\/Portal\/wp-json\/wp\/v2\/posts"}],"about":[{"href":"https:\/\/rnoticias.com.mx\/Portal\/wp-json\/wp\/v2\/types\/post"}],"author":[{"embeddable":true,"href":"https:\/\/rnoticias.com.mx\/Portal\/wp-json\/wp\/v2\/users\/2"}],"replies":[{"embeddable":true,"href":"https:\/\/rnoticias.com.mx\/Portal\/wp-json\/wp\/v2\/comments?post=218307"}],"version-history":[{"count":1,"href":"https:\/\/rnoticias.com.mx\/Portal\/wp-json\/wp\/v2\/posts\/218307\/revisions"}],"predecessor-version":[{"id":218309,"href":"https:\/\/rnoticias.com.mx\/Portal\/wp-json\/wp\/v2\/posts\/218307\/revisions\/218309"}],"wp:featuredmedia":[{"embeddable":true,"href":"https:\/\/rnoticias.com.mx\/Portal\/wp-json\/wp\/v2\/media\/218308"}],"wp:attachment":[{"href":"https:\/\/rnoticias.com.mx\/Portal\/wp-json\/wp\/v2\/media?parent=218307"}],"wp:term":[{"taxonomy":"category","embeddable":true,"href":"https:\/\/rnoticias.com.mx\/Portal\/wp-json\/wp\/v2\/categories?post=218307"},{"taxonomy":"post_tag","embeddable":true,"href":"https:\/\/rnoticias.com.mx\/Portal\/wp-json\/wp\/v2\/tags?post=218307"}],"curies":[{"name":"wp","href":"https:\/\/api.w.org\/{rel}","templated":true}]}}