{"id":218304,"date":"2025-05-14T19:06:17","date_gmt":"2025-05-15T02:06:17","guid":{"rendered":"https:\/\/rnoticias.com.mx\/Portal\/?p=218304"},"modified":"2025-05-14T19:06:17","modified_gmt":"2025-05-15T02:06:17","slug":"detectan-robos-de-energia-electrica-en-hermosillo","status":"publish","type":"post","link":"https:\/\/rnoticias.com.mx\/Portal\/2025\/05\/14\/detectan-robos-de-energia-electrica-en-hermosillo\/","title":{"rendered":"Detectan robos de energ\u00eda el\u00e9ctrica en Hermosillo"},"content":{"rendered":"<p>Hermosillo, Sonora<strong>.<\/strong> La Agencia Municipal de Energ\u00eda y Cambio Clim\u00e1tico ha identificado dos casos de robo de energ\u00eda el\u00e9ctrica en Hermosillo en lo que va del a\u00f1o, seg\u00fan inform\u00f3 su directora, Carla Neudert C\u00f3rdova.<\/p>\n<p>&nbsp;<\/p>\n<p>El primer incidente preci\u00f3, involucr\u00f3 a un ciudadano que fue sorprendido en flagrancia mientras causaba da\u00f1os a los circuitos de alumbrado p\u00fablico.<\/p>\n<p>&nbsp;<\/p>\n<p>El segundo caso detectado correspondi\u00f3 a un establecimiento comercial que estaba conectado de manera ilegal a la red el\u00e9ctrica. Ambos hechos ocurrieron en el sector del Paseo R\u00edo Sonora, donde se han recibido diversos reportes relacionados con este tipo de delitos.<\/p>\n<p>&nbsp;<\/p>\n<p><strong>\u201cSeguimos con esa problem\u00e1tica. En el Paseo R\u00edo Sonora tuvimos dos reportes, en uno de ellos pudimos agarrar a la persona, Seguridad P\u00fablica nos ayud\u00f3 para detenerlo, y detectamos tambi\u00e9n un negocio que estaba conectado de manera ilegal\u201d, detall\u00f3.<\/strong><\/p>\n<p>&nbsp;<\/p>\n<p>Ante esta situaci\u00f3n, Neudert C\u00f3rdova se\u00f1al\u00f3 que se han intensificado las labores de reparaci\u00f3n del sistema el\u00e9ctrico, especialmente en bulevares y colonias de la periferia, donde suelen presentarse con mayor frecuencia estos incidentes. Asimismo, se mantienen operativos de vigilancia en coordinaci\u00f3n con la Polic\u00eda Municipal para prevenir y sancionar estas conductas.<\/p>\n","protected":false},"excerpt":{"rendered":"<p>Hermosillo, Sonora. La Agencia Municipal de Energ\u00eda y Cambio Clim\u00e1tico ha identificado dos casos de robo de energ\u00eda el\u00e9ctrica en Hermosillo en lo que va del a\u00f1o, seg\u00fan inform\u00f3 su directora, Carla Neudert C\u00f3rdova. &nbsp; El primer incidente preci\u00f3, involucr\u00f3 a un ciudadano que fue sorprendido en flagrancia mientras causaba da\u00f1os a los circuitos de [&hellip;]<\/p>\n","protected":false},"author":2,"featured_media":218305,"comment_status":"closed","ping_status":"closed","sticky":false,"template":"","format":"standard","meta":{"footnotes":""},"categories":[12870,178],"tags":[12865,12869],"class_list":["post-218304","post","type-post","status-publish","format-standard","has-post-thumbnail","hentry","category-destacadas","category-local","tag-destacadas","tag-local"],"jetpack_featured_media_url":"https:\/\/rnoticias.com.mx\/Portal\/wp-content\/uploads\/2025\/05\/WhatsApp-Image-2024-08-27-at-10.15.31-PM-731x1024-1.jpeg","amp_enabled":true,"_links":{"self":[{"href":"https:\/\/rnoticias.com.mx\/Portal\/wp-json\/wp\/v2\/posts\/218304","targetHints":{"allow":["GET"]}}],"collection":[{"href":"https:\/\/rnoticias.com.mx\/Portal\/wp-json\/wp\/v2\/posts"}],"about":[{"href":"https:\/\/rnoticias.com.mx\/Portal\/wp-json\/wp\/v2\/types\/post"}],"author":[{"embeddable":true,"href":"https:\/\/rnoticias.com.mx\/Portal\/wp-json\/wp\/v2\/users\/2"}],"replies":[{"embeddable":true,"href":"https:\/\/rnoticias.com.mx\/Portal\/wp-json\/wp\/v2\/comments?post=218304"}],"version-history":[{"count":1,"href":"https:\/\/rnoticias.com.mx\/Portal\/wp-json\/wp\/v2\/posts\/218304\/revisions"}],"predecessor-version":[{"id":218306,"href":"https:\/\/rnoticias.com.mx\/Portal\/wp-json\/wp\/v2\/posts\/218304\/revisions\/218306"}],"wp:featuredmedia":[{"embeddable":true,"href":"https:\/\/rnoticias.com.mx\/Portal\/wp-json\/wp\/v2\/media\/218305"}],"wp:attachment":[{"href":"https:\/\/rnoticias.com.mx\/Portal\/wp-json\/wp\/v2\/media?parent=218304"}],"wp:term":[{"taxonomy":"category","embeddable":true,"href":"https:\/\/rnoticias.com.mx\/Portal\/wp-json\/wp\/v2\/categories?post=218304"},{"taxonomy":"post_tag","embeddable":true,"href":"https:\/\/rnoticias.com.mx\/Portal\/wp-json\/wp\/v2\/tags?post=218304"}],"curies":[{"name":"wp","href":"https:\/\/api.w.org\/{rel}","templated":true}]}}