{"id":218301,"date":"2025-05-14T19:05:07","date_gmt":"2025-05-15T02:05:07","guid":{"rendered":"https:\/\/rnoticias.com.mx\/Portal\/?p=218301"},"modified":"2025-05-14T19:05:07","modified_gmt":"2025-05-15T02:05:07","slug":"20-de-mayo-vence-plazo-para-reimprimir-credencial-de-elector-ine-sonora","status":"publish","type":"post","link":"https:\/\/rnoticias.com.mx\/Portal\/2025\/05\/14\/20-de-mayo-vence-plazo-para-reimprimir-credencial-de-elector-ine-sonora\/","title":{"rendered":"20 de mayo vence plazo para reimprimir credencial de elector: INE Sonora"},"content":{"rendered":"<p>La vocal del Registro Federal de Electores en Sonora, Luz Elena Flores, inform\u00f3 que el pr\u00f3ximo 20 de mayo es la fecha l\u00edmite para solicitar la reimpresi\u00f3n de la credencial de elector, la cual ser\u00e1 indispensable para poder participar en las elecciones del 1 de junio.<\/p>\n<p>&nbsp;<\/p>\n<p>Manifest\u00f3 que este proceso es exclusivo para quienes han perdido su credencial, pero no necesitan actualizar datos personales ni cambiar la fotograf\u00eda.<\/p>\n<p>&nbsp;<\/p>\n<p>\u201cPara realizar la reimpresi\u00f3n, las personas deber\u00e1n acudir con su acta de nacimiento y una identificaci\u00f3n oficial vigente con fotograf\u00eda, como la licencia de conducir, pasaporte o cartilla militar. El tr\u00e1mite no aplica para cambios en los datos personales, \u00fanicamente para reposiciones por extrav\u00edo\u201d, afirm\u00f3.<\/p>\n<p>&nbsp;<\/p>\n<p>A\u00f1adi\u00f3, que, desde el 1 de marzo, en el estado de Sonora se han tramitado cerca de 20 mil reimpresiones, aunque m\u00e1s de 3 mil a\u00fan no han sido recogidas.<\/p>\n<p>&nbsp;<\/p>\n<p>La fecha l\u00edmite para recoger la credencial es el 30 de mayo, y debe hacerse en el mismo m\u00f3dulo donde se realiz\u00f3 el tr\u00e1mite originalmente.<\/p>\n<p>&nbsp;<\/p>\n<p>Por \u00faltimo, indic\u00f3 que, en Hermosillo, los m\u00f3dulos fijos que est\u00e1n ofreciendo el servicio de reimpresi\u00f3n se ubican en Las Quintas, Calzada de los \u00c1ngeles, Pabell\u00f3n Misiones y el centro comercial Los Manantiales, los cuales operan de lunes a s\u00e1bado en un horario de 8:00 de la ma\u00f1ana a 3:00 de la tarde.<\/p>\n<p><strong>\u00a0<\/strong><\/p>\n","protected":false},"excerpt":{"rendered":"<p>La vocal del Registro Federal de Electores en Sonora, Luz Elena Flores, inform\u00f3 que el pr\u00f3ximo 20 de mayo es la fecha l\u00edmite para solicitar la reimpresi\u00f3n de la credencial de elector, la cual ser\u00e1 indispensable para poder participar en las elecciones del 1 de junio. &nbsp; Manifest\u00f3 que este proceso es exclusivo para quienes [&hellip;]<\/p>\n","protected":false},"author":2,"featured_media":218302,"comment_status":"closed","ping_status":"closed","sticky":false,"template":"","format":"standard","meta":{"footnotes":""},"categories":[12870,174],"tags":[12865,12873],"class_list":["post-218301","post","type-post","status-publish","format-standard","has-post-thumbnail","hentry","category-destacadas","category-estatal","tag-destacadas","tag-estatal"],"jetpack_featured_media_url":"https:\/\/rnoticias.com.mx\/Portal\/wp-content\/uploads\/2025\/05\/ine-credencial-para-votar_0.webp","amp_enabled":true,"_links":{"self":[{"href":"https:\/\/rnoticias.com.mx\/Portal\/wp-json\/wp\/v2\/posts\/218301","targetHints":{"allow":["GET"]}}],"collection":[{"href":"https:\/\/rnoticias.com.mx\/Portal\/wp-json\/wp\/v2\/posts"}],"about":[{"href":"https:\/\/rnoticias.com.mx\/Portal\/wp-json\/wp\/v2\/types\/post"}],"author":[{"embeddable":true,"href":"https:\/\/rnoticias.com.mx\/Portal\/wp-json\/wp\/v2\/users\/2"}],"replies":[{"embeddable":true,"href":"https:\/\/rnoticias.com.mx\/Portal\/wp-json\/wp\/v2\/comments?post=218301"}],"version-history":[{"count":1,"href":"https:\/\/rnoticias.com.mx\/Portal\/wp-json\/wp\/v2\/posts\/218301\/revisions"}],"predecessor-version":[{"id":218303,"href":"https:\/\/rnoticias.com.mx\/Portal\/wp-json\/wp\/v2\/posts\/218301\/revisions\/218303"}],"wp:featuredmedia":[{"embeddable":true,"href":"https:\/\/rnoticias.com.mx\/Portal\/wp-json\/wp\/v2\/media\/218302"}],"wp:attachment":[{"href":"https:\/\/rnoticias.com.mx\/Portal\/wp-json\/wp\/v2\/media?parent=218301"}],"wp:term":[{"taxonomy":"category","embeddable":true,"href":"https:\/\/rnoticias.com.mx\/Portal\/wp-json\/wp\/v2\/categories?post=218301"},{"taxonomy":"post_tag","embeddable":true,"href":"https:\/\/rnoticias.com.mx\/Portal\/wp-json\/wp\/v2\/tags?post=218301"}],"curies":[{"name":"wp","href":"https:\/\/api.w.org\/{rel}","templated":true}]}}