{"id":218292,"date":"2025-05-14T18:32:33","date_gmt":"2025-05-15T01:32:33","guid":{"rendered":"https:\/\/rnoticias.com.mx\/Portal\/?p=218292"},"modified":"2025-05-14T18:32:33","modified_gmt":"2025-05-15T01:32:33","slug":"expogan-sonora-2025-donara-el-5-de-sus-entradas-al-dif-sonora-para-fortalecer-programas-asistenciales","status":"publish","type":"post","link":"https:\/\/rnoticias.com.mx\/Portal\/2025\/05\/14\/expogan-sonora-2025-donara-el-5-de-sus-entradas-al-dif-sonora-para-fortalecer-programas-asistenciales\/","title":{"rendered":"ExpoGan Sonora 2025 donar\u00e1 el 5% de sus entradas al DIF Sonora para fortalecer programas asistenciales"},"content":{"rendered":"<p align=\"left\">Hermosillo, Sonora; 14 de mayo de 2025.- En l\u00ednea con la estrategia del gobernador Alfonso Durazo Monta\u00f1o de llegar a quienes menos tienen, y bajo la premisa de que nadie se quede atr\u00e1s y nadie se quede fuera, se fortalecer\u00e1n los programas asistenciales del Sistema DIF Sonora gracias al convenio firmado con la Uni\u00f3n Ganadera Regional de Sonora, mediante el cual se destinar\u00e1 el 5 por ciento de las entradas generadas en taquilla durante la Feria ExpoGan Sonora 2025.<\/p>\n<p align=\"left\">El Sistema DIF Sonora y la Uni\u00f3n Ganadera Regional de Sonora firmaron este convenio de colaboraci\u00f3n interinstitucional con el objetivo de ampliar el alcance de los apoyos sociales que brinda el organismo estatal en favor de la poblaci\u00f3n m\u00e1s vulnerable.<\/p>\n<p align=\"left\">Gracias a la gesti\u00f3n de la presidenta honoraria del Sistema DIF Sonora, Roc\u00edo Ch\u00e1vez Murillo, y a la buena disposici\u00f3n del presidente de la Uni\u00f3n Ganadera, Juan Carlos Ochoa Valenzuela, se concret\u00f3 este acuerdo que refleja el compromiso social del sector ganadero con el bienestar de las y los sonorenses.<\/p>\n<p align=\"left\">La directora general del Sistema DIF Sonora, Lizeth V\u00e1squez Ochoa, agradeci\u00f3 el respaldo brindado y reconoci\u00f3 el sentido humanista que representa esta alianza, la cual permitir\u00e1 canalizar m\u00e1s apoyos a ni\u00f1as, ni\u00f1os, personas adultas mayores y familias en situaci\u00f3n vulnerable en todo el estado.<\/p>\n<p align=\"left\">De acuerdo con lo estipulado en el convenio, la Uni\u00f3n Ganadera Regional de Sonora ser\u00e1 responsable de las funciones operativas relacionadas con la recaudaci\u00f3n en taquilla, mientras que el DIF Sonora destinar\u00e1 los recursos recibidos a la atenci\u00f3n directa de la poblaci\u00f3n, al fortalecimiento de los Centros de Asistencia Social (CAS) y a otros servicios institucionales, seg\u00fan las necesidades.<\/p>\n","protected":false},"excerpt":{"rendered":"<p>Hermosillo, Sonora; 14 de mayo de 2025.- En l\u00ednea con la estrategia del gobernador Alfonso Durazo Monta\u00f1o de llegar a quienes menos tienen, y bajo la premisa de que nadie se quede atr\u00e1s y nadie se quede fuera, se fortalecer\u00e1n los programas asistenciales del Sistema DIF Sonora gracias al convenio firmado con la Uni\u00f3n Ganadera [&hellip;]<\/p>\n","protected":false},"author":2,"featured_media":218293,"comment_status":"closed","ping_status":"closed","sticky":false,"template":"","format":"standard","meta":{"footnotes":""},"categories":[12870,178],"tags":[12865,12869],"class_list":["post-218292","post","type-post","status-publish","format-standard","has-post-thumbnail","hentry","category-destacadas","category-local","tag-destacadas","tag-local"],"jetpack_featured_media_url":"https:\/\/rnoticias.com.mx\/Portal\/wp-content\/uploads\/2025\/05\/unnamed-2-5.jpg","amp_enabled":true,"_links":{"self":[{"href":"https:\/\/rnoticias.com.mx\/Portal\/wp-json\/wp\/v2\/posts\/218292","targetHints":{"allow":["GET"]}}],"collection":[{"href":"https:\/\/rnoticias.com.mx\/Portal\/wp-json\/wp\/v2\/posts"}],"about":[{"href":"https:\/\/rnoticias.com.mx\/Portal\/wp-json\/wp\/v2\/types\/post"}],"author":[{"embeddable":true,"href":"https:\/\/rnoticias.com.mx\/Portal\/wp-json\/wp\/v2\/users\/2"}],"replies":[{"embeddable":true,"href":"https:\/\/rnoticias.com.mx\/Portal\/wp-json\/wp\/v2\/comments?post=218292"}],"version-history":[{"count":1,"href":"https:\/\/rnoticias.com.mx\/Portal\/wp-json\/wp\/v2\/posts\/218292\/revisions"}],"predecessor-version":[{"id":218294,"href":"https:\/\/rnoticias.com.mx\/Portal\/wp-json\/wp\/v2\/posts\/218292\/revisions\/218294"}],"wp:featuredmedia":[{"embeddable":true,"href":"https:\/\/rnoticias.com.mx\/Portal\/wp-json\/wp\/v2\/media\/218293"}],"wp:attachment":[{"href":"https:\/\/rnoticias.com.mx\/Portal\/wp-json\/wp\/v2\/media?parent=218292"}],"wp:term":[{"taxonomy":"category","embeddable":true,"href":"https:\/\/rnoticias.com.mx\/Portal\/wp-json\/wp\/v2\/categories?post=218292"},{"taxonomy":"post_tag","embeddable":true,"href":"https:\/\/rnoticias.com.mx\/Portal\/wp-json\/wp\/v2\/tags?post=218292"}],"curies":[{"name":"wp","href":"https:\/\/api.w.org\/{rel}","templated":true}]}}