{"id":218283,"date":"2025-05-14T15:57:57","date_gmt":"2025-05-14T22:57:57","guid":{"rendered":"https:\/\/rnoticias.com.mx\/Portal\/?p=218283"},"modified":"2025-05-14T15:57:57","modified_gmt":"2025-05-14T22:57:57","slug":"con-traslados-gratuitos-en-hbus-las-y-los-hermosillenses-podran-disfrutar-de-la-edicion-300-de-viactiva","status":"publish","type":"post","link":"https:\/\/rnoticias.com.mx\/Portal\/2025\/05\/14\/con-traslados-gratuitos-en-hbus-las-y-los-hermosillenses-podran-disfrutar-de-la-edicion-300-de-viactiva\/","title":{"rendered":"Con traslados gratuitos en HBus las y los hermosillenses podr\u00e1n disfrutar de la edici\u00f3n 300 de V\u00edactiva"},"content":{"rendered":"<p><b data-olk-copy-source=\"MessageBody\">Hermosillo, Sonora 14 de mayo, 2025.-<\/b>\u00a0Hermosillo se vestir\u00e1 de fiesta este 18 de mayo con motivo de su 325 aniversario de fundaci\u00f3n, anunci\u00f3 el Gobierno Municipal que ha preparado la edici\u00f3n 300 de Viactiva donde familias podr\u00e1n disfrutar actividades en la Plaza Zaragoza, Parque Madero y Jard\u00edn Ju\u00e1rez.<\/p>\n<p aria-hidden=\"true\">\n<p>Fernanda Cisneros Rodr\u00edguez, directora de Desarrollo Tur\u00edstico de la Agencia Municipal de Desarrollo Econ\u00f3mico (AMDE) junto a Francisco Villaescusa, director del Instituto Hermosillense de la Juventud (IHJ) invitaron a disfrutar las actividades programadas en los tres parques emblem\u00e1ticos que adem\u00e1s contar\u00e1n con traslados gratuitos del H Bus de 6:00 pm a 9:00 pm.<\/p>\n<p aria-hidden=\"true\">\n<p>\u201cLo que queremos hacer con esta Viactiva tan especial es primeramente que todas las personas puedan conocer a trav\u00e9s del H Bus las tres plazas emblem\u00e1ticas de la H, que son la Plaza Zaragoza donde se lleva a cabo la Viactiva todos los domingos, el Parque Madero y tambi\u00e9n el Jard\u00edn Ju\u00e1rez reci\u00e9n remodelado que qued\u00f3 de primera\u201d, agreg\u00f3.<\/p>\n<p aria-hidden=\"true\">\n<p>La Plaza Zaragoza contar\u00e1 con recorridos guiados para conocer m\u00e1s sobre este espacio emblem\u00e1tico, Catedral y los murales de Palacio Municipal que guardan momentos clave de Hermosillo contados a trav\u00e9s del Arte, adem\u00e1s habr\u00e1 una exhibici\u00f3n de veh\u00edculos el\u00e9ctricos utilizados por dependencias municipales, actividad que atrapa la atenci\u00f3n de ni\u00f1as y ni\u00f1os.<\/p>\n<p aria-hidden=\"true\">\n<p>\u201cEn el Parque Madero traemos muchas actividades. Tenemos un coach de Crossfit que se va a llevar sus instrumentos para que la gente se involucre y conozca la disciplina, para ni\u00f1os tenemos un espacio para que pinten, estamos haciendo un mural joven y tambi\u00e9n vamos a tener m\u00fasica con artistas locales en la concha ac\u00fastica\u201d, explic\u00f3 Francisco Villaescusa.<\/p>\n<p aria-hidden=\"true\">\n<p>El recientemente remodelado Jard\u00edn Ju\u00e1rez se sumar\u00e1 a esta celebraci\u00f3n con caballetes para ni\u00f1as y ni\u00f1os que deseen echar a volar su imaginaci\u00f3n y la obra \u201cEl Sapo Ego\u00edsta\u201d que ha preparado Agua de Hermosillo.<\/p>\n<p aria-hidden=\"true\">\n<p>El Gobierno Municipal a trav\u00e9s de V\u00edactiva, \u201cTu Ciudad, Tu Espacio\u201d invita a aprovechar los traslados gratuitos que el H Bus realizar\u00e1 cada 30 minutos a los tres parques emblem\u00e1ticos y celebrar la grandeza de Hermosillo en su 325 aniversario.<\/p>\n","protected":false},"excerpt":{"rendered":"<p>Hermosillo, Sonora 14 de mayo, 2025.-\u00a0Hermosillo se vestir\u00e1 de fiesta este 18 de mayo con motivo de su 325 aniversario de fundaci\u00f3n, anunci\u00f3 el Gobierno Municipal que ha preparado la edici\u00f3n 300 de Viactiva donde familias podr\u00e1n disfrutar actividades en la Plaza Zaragoza, Parque Madero y Jard\u00edn Ju\u00e1rez. Fernanda Cisneros Rodr\u00edguez, directora de Desarrollo Tur\u00edstico [&hellip;]<\/p>\n","protected":false},"author":2,"featured_media":218284,"comment_status":"closed","ping_status":"closed","sticky":false,"template":"","format":"standard","meta":{"footnotes":""},"categories":[12870,178],"tags":[12865,12869],"class_list":["post-218283","post","type-post","status-publish","format-standard","has-post-thumbnail","hentry","category-destacadas","category-local","tag-destacadas","tag-local"],"jetpack_featured_media_url":"https:\/\/rnoticias.com.mx\/Portal\/wp-content\/uploads\/2025\/05\/Con-traslados-gratuitos-en-HBus-las-y-los-hermosillenses-podran-disfrutar-de-la-edicion-300-de-Viactiva1.jpg","amp_enabled":true,"_links":{"self":[{"href":"https:\/\/rnoticias.com.mx\/Portal\/wp-json\/wp\/v2\/posts\/218283","targetHints":{"allow":["GET"]}}],"collection":[{"href":"https:\/\/rnoticias.com.mx\/Portal\/wp-json\/wp\/v2\/posts"}],"about":[{"href":"https:\/\/rnoticias.com.mx\/Portal\/wp-json\/wp\/v2\/types\/post"}],"author":[{"embeddable":true,"href":"https:\/\/rnoticias.com.mx\/Portal\/wp-json\/wp\/v2\/users\/2"}],"replies":[{"embeddable":true,"href":"https:\/\/rnoticias.com.mx\/Portal\/wp-json\/wp\/v2\/comments?post=218283"}],"version-history":[{"count":1,"href":"https:\/\/rnoticias.com.mx\/Portal\/wp-json\/wp\/v2\/posts\/218283\/revisions"}],"predecessor-version":[{"id":218285,"href":"https:\/\/rnoticias.com.mx\/Portal\/wp-json\/wp\/v2\/posts\/218283\/revisions\/218285"}],"wp:featuredmedia":[{"embeddable":true,"href":"https:\/\/rnoticias.com.mx\/Portal\/wp-json\/wp\/v2\/media\/218284"}],"wp:attachment":[{"href":"https:\/\/rnoticias.com.mx\/Portal\/wp-json\/wp\/v2\/media?parent=218283"}],"wp:term":[{"taxonomy":"category","embeddable":true,"href":"https:\/\/rnoticias.com.mx\/Portal\/wp-json\/wp\/v2\/categories?post=218283"},{"taxonomy":"post_tag","embeddable":true,"href":"https:\/\/rnoticias.com.mx\/Portal\/wp-json\/wp\/v2\/tags?post=218283"}],"curies":[{"name":"wp","href":"https:\/\/api.w.org\/{rel}","templated":true}]}}