{"id":218280,"date":"2025-05-14T15:54:09","date_gmt":"2025-05-14T22:54:09","guid":{"rendered":"https:\/\/rnoticias.com.mx\/Portal\/?p=218280"},"modified":"2025-05-14T15:54:09","modified_gmt":"2025-05-14T22:54:09","slug":"instala-gobierno-de-sonora-zona-salva-en-casa-de-la-cultura-en-hermosillo","status":"publish","type":"post","link":"https:\/\/rnoticias.com.mx\/Portal\/2025\/05\/14\/instala-gobierno-de-sonora-zona-salva-en-casa-de-la-cultura-en-hermosillo\/","title":{"rendered":"Instala Gobierno de Sonora Zona SALVA en Casa de la Cultura en Hermosillo"},"content":{"rendered":"<p align=\"left\">Hermosillo, Sonora; 14 de mayo de 2025.- Comprometido con las acciones encaminadas a prevenir y atender la violencia familiar y de g\u00e9nero, el Gobierno de Sonora sum\u00f3 el recinto de la Casa de la Cultura en Hermosillo como una Zona SALVA, inform\u00f3 Zulema Boneo Silva, coordinadora estatal del Sistema de Atenci\u00f3n a la Violencia Familiar y de G\u00e9nero (SALVA).<\/p>\n<p align=\"left\">Boneo Silva reconoci\u00f3 que, gracias a la voluntad de las autoridades del Instituto Sonorense de Cultura (ISC), se inici\u00f3 un trabajo conjunto para capacitar al personal directivo y docente sobre los protocolos de atenci\u00f3n a personas en riesgo o peligro, convirti\u00e9ndose en la Zona SALVA n\u00famero tres mil 57 en el estado.<\/p>\n<p align=\"left\">La coordinadora estatal de SALVA, destac\u00f3 que, gracias al impulso del gobernador Alfonso Durazo y del secretario de Seguridad P\u00fablica, Braulio Mart\u00ednez Navarrete, el estado es pionero en la prevenci\u00f3n, atenci\u00f3n y seguimiento de casos de violencia familiar y de g\u00e9nero, al contar con el primer Palacio de Gobierno, Aeropuerto y ahora la Casa de la Cultura como Zonas SALVA.<\/p>\n<p align=\"left\">Por su parte, Beatriz Aldaco Encinas, directora general del Instituto Sonorense de Cultura, expuso que la Casa de la Cultura, ubicada en la esquina de la avenida de la Cultura y bulevar Vild\u00f3sola, en Hermosillo, recibe a una gran poblaci\u00f3n de ni\u00f1as, ni\u00f1os, j\u00f3venes y adultos que diariamente acuden a sus instalaciones a estudiar diversas disciplinas art\u00edsticas.<\/p>\n<p align=\"left\">Los recintos culturales, dijo la funcionaria estatal, deben ser entornos de paz; por ello, se trabaja de la mano con el Sistema SALVA de la Secretar\u00eda de Seguridad P\u00fablica para atender y canalizar cualquier situaci\u00f3n que ponga en riesgo a las personas.<\/p>\n","protected":false},"excerpt":{"rendered":"<p>Hermosillo, Sonora; 14 de mayo de 2025.- Comprometido con las acciones encaminadas a prevenir y atender la violencia familiar y de g\u00e9nero, el Gobierno de Sonora sum\u00f3 el recinto de la Casa de la Cultura en Hermosillo como una Zona SALVA, inform\u00f3 Zulema Boneo Silva, coordinadora estatal del Sistema de Atenci\u00f3n a la Violencia Familiar [&hellip;]<\/p>\n","protected":false},"author":2,"featured_media":218281,"comment_status":"closed","ping_status":"closed","sticky":false,"template":"","format":"standard","meta":{"footnotes":""},"categories":[12870,178],"tags":[12865,12869],"class_list":["post-218280","post","type-post","status-publish","format-standard","has-post-thumbnail","hentry","category-destacadas","category-local","tag-destacadas","tag-local"],"jetpack_featured_media_url":"https:\/\/rnoticias.com.mx\/Portal\/wp-content\/uploads\/2025\/05\/unnamed-61.jpg","amp_enabled":true,"_links":{"self":[{"href":"https:\/\/rnoticias.com.mx\/Portal\/wp-json\/wp\/v2\/posts\/218280","targetHints":{"allow":["GET"]}}],"collection":[{"href":"https:\/\/rnoticias.com.mx\/Portal\/wp-json\/wp\/v2\/posts"}],"about":[{"href":"https:\/\/rnoticias.com.mx\/Portal\/wp-json\/wp\/v2\/types\/post"}],"author":[{"embeddable":true,"href":"https:\/\/rnoticias.com.mx\/Portal\/wp-json\/wp\/v2\/users\/2"}],"replies":[{"embeddable":true,"href":"https:\/\/rnoticias.com.mx\/Portal\/wp-json\/wp\/v2\/comments?post=218280"}],"version-history":[{"count":1,"href":"https:\/\/rnoticias.com.mx\/Portal\/wp-json\/wp\/v2\/posts\/218280\/revisions"}],"predecessor-version":[{"id":218282,"href":"https:\/\/rnoticias.com.mx\/Portal\/wp-json\/wp\/v2\/posts\/218280\/revisions\/218282"}],"wp:featuredmedia":[{"embeddable":true,"href":"https:\/\/rnoticias.com.mx\/Portal\/wp-json\/wp\/v2\/media\/218281"}],"wp:attachment":[{"href":"https:\/\/rnoticias.com.mx\/Portal\/wp-json\/wp\/v2\/media?parent=218280"}],"wp:term":[{"taxonomy":"category","embeddable":true,"href":"https:\/\/rnoticias.com.mx\/Portal\/wp-json\/wp\/v2\/categories?post=218280"},{"taxonomy":"post_tag","embeddable":true,"href":"https:\/\/rnoticias.com.mx\/Portal\/wp-json\/wp\/v2\/tags?post=218280"}],"curies":[{"name":"wp","href":"https:\/\/api.w.org\/{rel}","templated":true}]}}