{"id":218271,"date":"2025-05-14T14:54:28","date_gmt":"2025-05-14T21:54:28","guid":{"rendered":"https:\/\/rnoticias.com.mx\/Portal\/?p=218271"},"modified":"2025-05-14T14:54:28","modified_gmt":"2025-05-14T21:54:28","slug":"como-vamos-con-el-medio-ambiente-en-hermosillo","status":"publish","type":"post","link":"https:\/\/rnoticias.com.mx\/Portal\/2025\/05\/14\/como-vamos-con-el-medio-ambiente-en-hermosillo\/","title":{"rendered":"\u00bfC\u00d3MO VAMOS CON EL MEDIO AMBIENTE EN HERMOSILLO?"},"content":{"rendered":"<p><em>\u00a0<\/em><\/p>\n<p><strong>Hermosillo, Sonora, mi\u00e9rcoles 14 de mayo de 2025.- <\/strong>La organizaci\u00f3n civil Hermosillo \u00bfC\u00f3mo Vamos? dio a conocer el documento <strong><em>\u201c\u00bfC\u00f3mo Vamos con el Medio Ambiente? Percepci\u00f3n y H\u00e1bitos sobre el Cuidado del Medioambiente en Hermosillo\u201d<\/em><\/strong>, que revela c\u00f3mo percibe la ciudadan\u00eda los principales desaf\u00edos ambientales y qu\u00e9 acciones lleva a cabo para contribuir a su cuidado.<\/p>\n<p>&nbsp;<\/p>\n<p>El estudio, realizado mediante mil 638 entrevistas cara a cara en \u00e1reas urbanas y rurales de Hermosillo durante octubre a diciembre de 2024, evidencia que, despu\u00e9s de ocho a\u00f1os de aplicaci\u00f3n de la <em>Encuesta de Percepci\u00f3n Ciudadana de Hermosillo \u00bfC\u00f3mo Vamos?<\/em>, la opini\u00f3n ciudadana sobre la gesti\u00f3n ambiental no ha mostrado avances significativos<\/p>\n<p>&nbsp;<\/p>\n<p>Los principales retos ambientales, expresados por el porcentaje de personas encuestadas que lo consideran un problema en Hermosillo, son los siguientes: 1) Basura en calles y terrenos bald\u00edos (63.7%); 2) Escasez o desperdicio de agua (35.5%); 3) Mal estado de las \u00e1reas verdes y parques existentes (30.6%); 4) Falta de \u00e1reas verdes y parques nuevos (22.2%), y 5) Calidad del aire (21.5%).<\/p>\n<p>&nbsp;<\/p>\n<p>El director de Hermosillo \u00bfC\u00f3mo Vamos?, Ernesto Urbina Miranda, subray\u00f3 la importancia de escuchar a la ciudadan\u00eda: \u201c<em>Estos datos nos muestran en qu\u00e9 debemos concentrar nuestros esfuerzos y c\u00f3mo podemos colaborar gobierno y sociedad para revertir estas problem\u00e1ticas y hacer de Hermosillo un lugar m\u00e1s sustentable y habitable<\/em>\u201d se\u00f1al\u00f3.<\/p>\n<p>&nbsp;<\/p>\n<p>Entre las acciones que ya realiza la ciudadan\u00eda para cuidar el medio ambiente, expresado en el porcentaje de personas que afirman realizar la acci\u00f3n, destacan: 1) Ahorrar agua (59.5%); 2) Desconectar aparatos el\u00e9ctricos cuando no est\u00e1n en uso (48.5%); 3) No arrojar basura en calles, arroyos o r\u00edos (41.9%); 4) Reciclar (29.9%), y 5) Cuidar zonas verdes (27%).<\/p>\n<p>&nbsp;<\/p>\n<p><strong>Ideas para un Hermosillo m\u00e1s sustentable<\/strong><\/p>\n<p>&nbsp;<\/p>\n<p>La Mtra. Karina L\u00f3pez Ivich, especialista en Medio Ambiente y Cambio Clim\u00e1tico, explic\u00f3 que en Hermosillo, ante la diversidad y complejidad de los retos ambientales, se requieren soluciones basadas en evidencia cient\u00edfica y en las mejores pr\u00e1cticas internacionales, las cuales habiliten un desarrollo urbano m\u00e1s arm\u00f3nico y sustentable.<\/p>\n<p>&nbsp;<\/p>\n<p>Expuso que una alternativa son los modelos de \u201cCorredor Verde\u201d, ya que unen espacios verdes fragmentados, creando \u00e1reas para el esparcimiento y la conexi\u00f3n con la naturaleza, incluyendo ciclov\u00edas, calles peatonales y otras infraestructuras que facilitan la movilidad y el acceso a los espacios verdes.<\/p>\n<p>&nbsp;<\/p>\n<p>&nbsp;<\/p>\n<p>El estudio tambi\u00e9n arroja datos sobre las propuestas que m\u00e1s apoyar\u00eda la ciudadan\u00eda para el cuidado del medio ambiente y la mitigaci\u00f3n del cambio clim\u00e1tico. Expresado en el porcentaje de personas que apoyar\u00eda las medidas, se encuentran: 1) Fortalecimiento de controles y sanciones a fuentes de contaminaci\u00f3n (20.4%); 2) Ampliaci\u00f3n de zonas verdes y \u00e1reas naturales protegidas (19.4%); 3) Promoci\u00f3n de la movilidad el\u00e9ctrica y el uso de energ\u00edas renovables (12.1%); 4) Creaci\u00f3n de corredores verdes en la ciudad (11.3%), y 5) Fortalecer programas educativos en uso responsable de recursos naturales (10.7%).<\/p>\n<p>&nbsp;<\/p>\n<p>Por su parte, el activista Sergio M\u00fcller, fundador de la organizaci\u00f3n \u201cCaminantes del Desierto\u201d destac\u00f3 que la participaci\u00f3n ciudadana juega un aspecto central en la generaci\u00f3n de soluciones. <em>\u201cDesde la ciudadan\u00eda estamos apoyando con soluciones concretas, participando colaborativamente con gobiernos en temas como arbolado, reciclaje, limpieza de \u00e1reas verdes y espacios p\u00fablicos; ejemplo de esto son los proyectos del bosque memorial del Pante\u00f3n Ya\u00f1ez y el Centro de Econom\u00eda Circular, sin embargo, a\u00fan se requiere ampliar los esfuerzos desde gobiernos y los diferentes sectores sociales\u201d, <\/em>coment\u00f3.<\/p>\n<p>&nbsp;<\/p>\n<p>Por \u00faltimo, Urbina Miranda reiter\u00f3 que el objetivo de este ejercicio impulsado por Hermosillo \u00bfC\u00f3mo Vamos? es contribuir a la coordinaci\u00f3n de acciones entre gobiernos, academia, sector privado, organizaciones civiles y ciudadan\u00eda en general, que permitan avanzar con una visi\u00f3n de futuro compartida hacia un crecimiento urbano m\u00e1s planificado y ordenado, con soluciones basadas en la naturaleza, en donde se priorice la conservaci\u00f3n y el crecimiento del patrimonio ambiental para el bienestar de quienes aqu\u00ed habitamos.<\/p>\n<p>&nbsp;<\/p>\n<p>Las personas interesadas en consultar este trabajo pueden descargarlo de manera libre y gratuita en el portal <a href=\"http:\/\/www.hermosillocomovamos.org\">www.hermosillocomovamos.org<\/a><\/p>\n","protected":false},"excerpt":{"rendered":"<p>\u00a0 Hermosillo, Sonora, mi\u00e9rcoles 14 de mayo de 2025.- La organizaci\u00f3n civil Hermosillo \u00bfC\u00f3mo Vamos? dio a conocer el documento \u201c\u00bfC\u00f3mo Vamos con el Medio Ambiente? Percepci\u00f3n y H\u00e1bitos sobre el Cuidado del Medioambiente en Hermosillo\u201d, que revela c\u00f3mo percibe la ciudadan\u00eda los principales desaf\u00edos ambientales y qu\u00e9 acciones lleva a cabo para contribuir a [&hellip;]<\/p>\n","protected":false},"author":2,"featured_media":218272,"comment_status":"closed","ping_status":"closed","sticky":false,"template":"","format":"standard","meta":{"footnotes":""},"categories":[12870,178],"tags":[12865,12869],"class_list":["post-218271","post","type-post","status-publish","format-standard","has-post-thumbnail","hentry","category-destacadas","category-local","tag-destacadas","tag-local"],"jetpack_featured_media_url":"https:\/\/rnoticias.com.mx\/Portal\/wp-content\/uploads\/2025\/05\/MA5.jpg","amp_enabled":true,"_links":{"self":[{"href":"https:\/\/rnoticias.com.mx\/Portal\/wp-json\/wp\/v2\/posts\/218271","targetHints":{"allow":["GET"]}}],"collection":[{"href":"https:\/\/rnoticias.com.mx\/Portal\/wp-json\/wp\/v2\/posts"}],"about":[{"href":"https:\/\/rnoticias.com.mx\/Portal\/wp-json\/wp\/v2\/types\/post"}],"author":[{"embeddable":true,"href":"https:\/\/rnoticias.com.mx\/Portal\/wp-json\/wp\/v2\/users\/2"}],"replies":[{"embeddable":true,"href":"https:\/\/rnoticias.com.mx\/Portal\/wp-json\/wp\/v2\/comments?post=218271"}],"version-history":[{"count":1,"href":"https:\/\/rnoticias.com.mx\/Portal\/wp-json\/wp\/v2\/posts\/218271\/revisions"}],"predecessor-version":[{"id":218273,"href":"https:\/\/rnoticias.com.mx\/Portal\/wp-json\/wp\/v2\/posts\/218271\/revisions\/218273"}],"wp:featuredmedia":[{"embeddable":true,"href":"https:\/\/rnoticias.com.mx\/Portal\/wp-json\/wp\/v2\/media\/218272"}],"wp:attachment":[{"href":"https:\/\/rnoticias.com.mx\/Portal\/wp-json\/wp\/v2\/media?parent=218271"}],"wp:term":[{"taxonomy":"category","embeddable":true,"href":"https:\/\/rnoticias.com.mx\/Portal\/wp-json\/wp\/v2\/categories?post=218271"},{"taxonomy":"post_tag","embeddable":true,"href":"https:\/\/rnoticias.com.mx\/Portal\/wp-json\/wp\/v2\/tags?post=218271"}],"curies":[{"name":"wp","href":"https:\/\/api.w.org\/{rel}","templated":true}]}}