{"id":218161,"date":"2025-05-13T20:48:50","date_gmt":"2025-05-14T03:48:50","guid":{"rendered":"https:\/\/rnoticias.com.mx\/Portal\/?p=218161"},"modified":"2025-05-13T20:48:50","modified_gmt":"2025-05-14T03:48:50","slug":"gobernador-durazo-continua-rescate-de-la-sauceda-con-segunda-etapa-del-bosque-urbano-paulina-ocana","status":"publish","type":"post","link":"https:\/\/rnoticias.com.mx\/Portal\/2025\/05\/13\/gobernador-durazo-continua-rescate-de-la-sauceda-con-segunda-etapa-del-bosque-urbano-paulina-ocana\/","title":{"rendered":"Gobernador Durazo contin\u00faa rescate de La Sauceda con segunda etapa del Bosque Urbano: Paulina Oca\u00f1a"},"content":{"rendered":"<p>Hermosillo, Sonora; 13 de mayo de 2025.- El rescate de espacios p\u00fablicos emblem\u00e1ticos como La Sauceda sigue firme en Sonora gracias al compromiso del gobernador Alfonso Durazo Monta\u00f1o, destac\u00f3 Paulina Oca\u00f1a, jefa de la Oficina del Ejecutivo Estatal.<\/p>\n<p>Uno de los proyectos m\u00e1s esperados, resalt\u00f3, es la rehabilitaci\u00f3n de La Burbuja, el ic\u00f3nico espacio que marc\u00f3 la infancia de generaciones y que regresar\u00e1 al coraz\u00f3n de La Sauceda, hoy transformada en un nuevo Bosque Urbano tras a\u00f1os de abandono.<\/p>\n<p>Paulina Oca\u00f1a inform\u00f3 que ya se entreg\u00f3 con \u00e9xito la primera etapa del Bosque Urbano La Sauceda y que actualmente se trabaja arduamente en la segunda etapa, en coordinaci\u00f3n con el gabinete de infraestructura.<\/p>\n<p>\u201cNuestro gobernador est\u00e1 rescatando La Sauceda con una visi\u00f3n clara: ofrecer a las ni\u00f1as, ni\u00f1os y j\u00f3venes espacios donde puedan crecer con acceso a la recreaci\u00f3n, la educaci\u00f3n y la cultura\u201d, expres\u00f3.<\/p>\n<p>Uno de los elementos centrales de esta nueva etapa, dijo, ser\u00e1 el regreso de La Burbuja, un lugar emblem\u00e1tico que ser\u00e1 rehabilitado, despertando la nostalgia de quienes crecieron jugando y aprendiendo ah\u00ed. Y hoy, gracias al liderazgo del gobernador Durazo, se dar\u00e1 nueva vida a este espacio para que las nuevas generaciones tambi\u00e9n lo disfruten.<\/p>\n<p>Adem\u00e1s, se incorporar\u00e1 un edificio especialmente dise\u00f1ado con juegos recreativos y m\u00e1quinas de videojuegos para ni\u00f1as y ni\u00f1os, al estilo de un Recorcholis, que complementar\u00e1 la oferta l\u00fadica y de convivencia familiar del Bosque Urbano.<\/p>\n<p>La segunda etapa del Bosque Urbano La Sauceda contar\u00e1 con: reforestaci\u00f3n del Bosque Urbano; laboratorio de educaci\u00f3n ambiental; pabell\u00f3n kin\u00e9tico; skate park; La Burbuja; edificio Recorcholis; infraestructura del andador principal; senderos interpretativos; trotapista; \u00e1rea 7; mini golf; gokarts; caja de bateo y cine bajo las estrellas.<\/p>\n","protected":false},"excerpt":{"rendered":"<p>Hermosillo, Sonora; 13 de mayo de 2025.- El rescate de espacios p\u00fablicos emblem\u00e1ticos como La Sauceda sigue firme en Sonora gracias al compromiso del gobernador Alfonso Durazo Monta\u00f1o, destac\u00f3 Paulina Oca\u00f1a, jefa de la Oficina del Ejecutivo Estatal. Uno de los proyectos m\u00e1s esperados, resalt\u00f3, es la rehabilitaci\u00f3n de La Burbuja, el ic\u00f3nico espacio que [&hellip;]<\/p>\n","protected":false},"author":2,"featured_media":218162,"comment_status":"closed","ping_status":"closed","sticky":false,"template":"","format":"standard","meta":{"footnotes":""},"categories":[12870,178],"tags":[12865,12869],"class_list":["post-218161","post","type-post","status-publish","format-standard","has-post-thumbnail","hentry","category-destacadas","category-local","tag-destacadas","tag-local"],"jetpack_featured_media_url":"https:\/\/rnoticias.com.mx\/Portal\/wp-content\/uploads\/2025\/05\/image-37-4-900x398-1.jpg","amp_enabled":true,"_links":{"self":[{"href":"https:\/\/rnoticias.com.mx\/Portal\/wp-json\/wp\/v2\/posts\/218161","targetHints":{"allow":["GET"]}}],"collection":[{"href":"https:\/\/rnoticias.com.mx\/Portal\/wp-json\/wp\/v2\/posts"}],"about":[{"href":"https:\/\/rnoticias.com.mx\/Portal\/wp-json\/wp\/v2\/types\/post"}],"author":[{"embeddable":true,"href":"https:\/\/rnoticias.com.mx\/Portal\/wp-json\/wp\/v2\/users\/2"}],"replies":[{"embeddable":true,"href":"https:\/\/rnoticias.com.mx\/Portal\/wp-json\/wp\/v2\/comments?post=218161"}],"version-history":[{"count":1,"href":"https:\/\/rnoticias.com.mx\/Portal\/wp-json\/wp\/v2\/posts\/218161\/revisions"}],"predecessor-version":[{"id":218164,"href":"https:\/\/rnoticias.com.mx\/Portal\/wp-json\/wp\/v2\/posts\/218161\/revisions\/218164"}],"wp:featuredmedia":[{"embeddable":true,"href":"https:\/\/rnoticias.com.mx\/Portal\/wp-json\/wp\/v2\/media\/218162"}],"wp:attachment":[{"href":"https:\/\/rnoticias.com.mx\/Portal\/wp-json\/wp\/v2\/media?parent=218161"}],"wp:term":[{"taxonomy":"category","embeddable":true,"href":"https:\/\/rnoticias.com.mx\/Portal\/wp-json\/wp\/v2\/categories?post=218161"},{"taxonomy":"post_tag","embeddable":true,"href":"https:\/\/rnoticias.com.mx\/Portal\/wp-json\/wp\/v2\/tags?post=218161"}],"curies":[{"name":"wp","href":"https:\/\/api.w.org\/{rel}","templated":true}]}}