{"id":218152,"date":"2025-05-13T20:38:56","date_gmt":"2025-05-14T03:38:56","guid":{"rendered":"https:\/\/rnoticias.com.mx\/Portal\/?p=218152"},"modified":"2025-05-13T20:38:56","modified_gmt":"2025-05-14T03:38:56","slug":"roban-instrumentos-y-equipo-de-audio-a-los-angeles-azules-en-carretera-de-mexico","status":"publish","type":"post","link":"https:\/\/rnoticias.com.mx\/Portal\/2025\/05\/13\/roban-instrumentos-y-equipo-de-audio-a-los-angeles-azules-en-carretera-de-mexico\/","title":{"rendered":"Roban instrumentos y equipo de audio a Los \u00c1ngeles Azules en carretera de M\u00e9xico"},"content":{"rendered":"<p>Los \u00c1ngeles Azules denunciaron el reciente robo en M\u00e9xico de su equipo de audio e instrumentos mientras eran transportados en un cami\u00f3n tras un concierto en el estado de Tabasco.<\/p>\n<blockquote><p>\u201cQueremos informar que el pasado 9 de mayo, nuestro cami\u00f3n de equipo fue asaltado en la carretera M\u00e9xico-Puebla por un falso ret\u00e9n. Ya estamos presentando la denuncia correspondiente\u201d, dijo el conjunto en un comunicado publicado el lunes (12 de mayo) en redes sociales.<\/p><\/blockquote>\n<p>El martes (13 de mayo), la presidenta Claudia Sheinbaum dijo que instruy\u00f3 a la Guardia Nacional atender el caso.<\/p>\n<blockquote><p>\u201cLe ped\u00ed al general [Hern\u00e1n] Cort\u00e9s, [comandante de la GN], que se pusiera en contacto con alg\u00fan representante o con alguno de los miembros de Los \u00c1ngeles Azules\u201d, dijo la mandataria al ser consultada sobre el caso durante su conferencia matutina.<\/p><\/blockquote>\n<p>&nbsp;<\/p>\n<blockquote><p>\u201cEllos tuvieron este robo hace unos d\u00edas y hasta despu\u00e9s presentaron la denuncia, entonces para poder saber d\u00f3nde fue, c\u00f3mo fue, cu\u00e1l fue el modus operandi y hacer todas las acciones preventivas, y tambi\u00e9n dar seguimiento de este caso para poder llegar a los responsables\u201d.<\/p><\/blockquote>\n<p>Los int\u00e9rpretes de \u201cEl list\u00f3n de tu pelo\u201d compartieron que se encontraban en proceso de levantar la denuncia ante las autoridades correspondientes a fin de dar con los responsables. \u201cHacemos un llamado a las autoridades estatales y federales para que tomen medidas urgentes y se garantice el paso seguro por nuestras carreteras\u201d, agreg\u00f3 en su misiva. \u201cAgradecemos como siempre su apoyo y mensajes de solidaridad\u201d.<\/p>\n<p>En a\u00f1os recientes, otras agrupaciones mexicanas, como Caf\u00e9 Tacvba y Molotov, han denunciado robos similares en carreteras del pa\u00eds.<\/p>\n<p>&nbsp;<\/p>\n","protected":false},"excerpt":{"rendered":"<p>Los \u00c1ngeles Azules denunciaron el reciente robo en M\u00e9xico de su equipo de audio e instrumentos mientras eran transportados en un cami\u00f3n tras un concierto en el estado de Tabasco. \u201cQueremos informar que el pasado 9 de mayo, nuestro cami\u00f3n de equipo fue asaltado en la carretera M\u00e9xico-Puebla por un falso ret\u00e9n. Ya estamos presentando [&hellip;]<\/p>\n","protected":false},"author":2,"featured_media":218153,"comment_status":"closed","ping_status":"closed","sticky":false,"template":"","format":"standard","meta":{"footnotes":""},"categories":[12870,219],"tags":[12865,12875],"class_list":["post-218152","post","type-post","status-publish","format-standard","has-post-thumbnail","hentry","category-destacadas","category-espectaculos","tag-destacadas","tag-espectaculos"],"jetpack_featured_media_url":"https:\/\/rnoticias.com.mx\/Portal\/wp-content\/uploads\/2025\/05\/los-nagels-azules-scaled.jpg","amp_enabled":true,"_links":{"self":[{"href":"https:\/\/rnoticias.com.mx\/Portal\/wp-json\/wp\/v2\/posts\/218152","targetHints":{"allow":["GET"]}}],"collection":[{"href":"https:\/\/rnoticias.com.mx\/Portal\/wp-json\/wp\/v2\/posts"}],"about":[{"href":"https:\/\/rnoticias.com.mx\/Portal\/wp-json\/wp\/v2\/types\/post"}],"author":[{"embeddable":true,"href":"https:\/\/rnoticias.com.mx\/Portal\/wp-json\/wp\/v2\/users\/2"}],"replies":[{"embeddable":true,"href":"https:\/\/rnoticias.com.mx\/Portal\/wp-json\/wp\/v2\/comments?post=218152"}],"version-history":[{"count":1,"href":"https:\/\/rnoticias.com.mx\/Portal\/wp-json\/wp\/v2\/posts\/218152\/revisions"}],"predecessor-version":[{"id":218154,"href":"https:\/\/rnoticias.com.mx\/Portal\/wp-json\/wp\/v2\/posts\/218152\/revisions\/218154"}],"wp:featuredmedia":[{"embeddable":true,"href":"https:\/\/rnoticias.com.mx\/Portal\/wp-json\/wp\/v2\/media\/218153"}],"wp:attachment":[{"href":"https:\/\/rnoticias.com.mx\/Portal\/wp-json\/wp\/v2\/media?parent=218152"}],"wp:term":[{"taxonomy":"category","embeddable":true,"href":"https:\/\/rnoticias.com.mx\/Portal\/wp-json\/wp\/v2\/categories?post=218152"},{"taxonomy":"post_tag","embeddable":true,"href":"https:\/\/rnoticias.com.mx\/Portal\/wp-json\/wp\/v2\/tags?post=218152"}],"curies":[{"name":"wp","href":"https:\/\/api.w.org\/{rel}","templated":true}]}}