{"id":218151,"date":"2025-05-13T20:46:49","date_gmt":"2025-05-14T03:46:49","guid":{"rendered":"https:\/\/rnoticias.com.mx\/Portal\/?p=218151"},"modified":"2025-05-13T20:46:49","modified_gmt":"2025-05-14T03:46:49","slug":"fgjes-obtiene-vinculacion-a-proceso-contra-imputado-por-homicidio-calificado-en-grado-de-tentativa-y-asociacion-delictuosa-en-ciudad-obregon","status":"publish","type":"post","link":"https:\/\/rnoticias.com.mx\/Portal\/2025\/05\/13\/fgjes-obtiene-vinculacion-a-proceso-contra-imputado-por-homicidio-calificado-en-grado-de-tentativa-y-asociacion-delictuosa-en-ciudad-obregon\/","title":{"rendered":"FGJES obtiene vinculaci\u00f3n a proceso contra imputado por homicidio calificado en grado de tentativa y asociaci\u00f3n delictuosa en Ciudad Obreg\u00f3n"},"content":{"rendered":"<p>Cajeme, Sonora, 13 de mayo de 2025.- La Fiscal\u00eda General de Justicia del Estado de Sonora (FGJES), a trav\u00e9s de sus agentes del Ministerio P\u00fablico, obtuvo la vinculaci\u00f3n a proceso en contra Gianmarco \u201cN\u201d, se\u00f1alado como probable responsable de los delitos de homicidio calificado en grado de tentativa y asociaci\u00f3n delictuosa.<\/p>\n<p>Los hechos que se le imputan ocurrieron el 9 de diciembre de 2024, aproximadamente a las 11:00 horas cuando, al formar parte de una banda organizada compuesta por m\u00e1s de tres personas, atac\u00f3 a la v\u00edctima Norberto \u201cN\u201d en la colonia Beltrones en Ciudad Obreg\u00f3n.<\/p>\n<p>Durante el ataque, Gianmarco \u201cN\u201d y un c\u00f3mplice recibieron instrucciones v\u00eda telef\u00f3nica de un tercero para ultimar a la v\u00edctima si esta no acced\u00eda colaborar con ellos en una estructura de venta de narc\u00f3ticos. Al negarse, ambos intentaron privar de la vida a Norberto \u201cN\u201d, quien logr\u00f3 salvarse al refugiarse dentro de un domicilio cercano.<\/p>\n<p>Tras la investigaci\u00f3n realizada por elementos de la Agencia Ministerial de Investigaci\u00f3n Criminal (AMIC), el imputado fue identificado y capturado, para ser presentado ante el Juez Penal.<\/p>\n<p>Durante la audiencia, se formul\u00f3 imputaci\u00f3n, se vincul\u00f3 a proceso al se\u00f1alado y se dict\u00f3 prisi\u00f3n preventiva justificada como medida cautelar por parte del Juez, quien dio un plazo de cuatro meses para el cierre de la investigaci\u00f3n complementaria.<\/p>\n<p>La FGJES deja de manifiesto su compromiso con la lucha frontal contra la violencia y el crimen organizado, as\u00ed como su determinaci\u00f3n por la protecci\u00f3n de la vida humana, sin importar qui\u00e9n sea la v\u00edctima ni cu\u00e1l sea el m\u00f3vil del delito.<\/p>\n","protected":false},"excerpt":{"rendered":"<p>Cajeme, Sonora, 13 de mayo de 2025.- La Fiscal\u00eda General de Justicia del Estado de Sonora (FGJES), a trav\u00e9s de sus agentes del Ministerio P\u00fablico, obtuvo la vinculaci\u00f3n a proceso en contra Gianmarco \u201cN\u201d, se\u00f1alado como probable responsable de los delitos de homicidio calificado en grado de tentativa y asociaci\u00f3n delictuosa. Los hechos que se [&hellip;]<\/p>\n","protected":false},"author":2,"featured_media":218156,"comment_status":"closed","ping_status":"closed","sticky":false,"template":"","format":"standard","meta":{"footnotes":""},"categories":[12870,174],"tags":[12865,12873],"class_list":["post-218151","post","type-post","status-publish","format-standard","has-post-thumbnail","hentry","category-destacadas","category-estatal","tag-destacadas","tag-estatal"],"jetpack_featured_media_url":"https:\/\/rnoticias.com.mx\/Portal\/wp-content\/uploads\/2025\/05\/300223b9-a024-45d9-bc66-66af8edfab01.jpg","amp_enabled":true,"_links":{"self":[{"href":"https:\/\/rnoticias.com.mx\/Portal\/wp-json\/wp\/v2\/posts\/218151","targetHints":{"allow":["GET"]}}],"collection":[{"href":"https:\/\/rnoticias.com.mx\/Portal\/wp-json\/wp\/v2\/posts"}],"about":[{"href":"https:\/\/rnoticias.com.mx\/Portal\/wp-json\/wp\/v2\/types\/post"}],"author":[{"embeddable":true,"href":"https:\/\/rnoticias.com.mx\/Portal\/wp-json\/wp\/v2\/users\/2"}],"replies":[{"embeddable":true,"href":"https:\/\/rnoticias.com.mx\/Portal\/wp-json\/wp\/v2\/comments?post=218151"}],"version-history":[{"count":1,"href":"https:\/\/rnoticias.com.mx\/Portal\/wp-json\/wp\/v2\/posts\/218151\/revisions"}],"predecessor-version":[{"id":218157,"href":"https:\/\/rnoticias.com.mx\/Portal\/wp-json\/wp\/v2\/posts\/218151\/revisions\/218157"}],"wp:featuredmedia":[{"embeddable":true,"href":"https:\/\/rnoticias.com.mx\/Portal\/wp-json\/wp\/v2\/media\/218156"}],"wp:attachment":[{"href":"https:\/\/rnoticias.com.mx\/Portal\/wp-json\/wp\/v2\/media?parent=218151"}],"wp:term":[{"taxonomy":"category","embeddable":true,"href":"https:\/\/rnoticias.com.mx\/Portal\/wp-json\/wp\/v2\/categories?post=218151"},{"taxonomy":"post_tag","embeddable":true,"href":"https:\/\/rnoticias.com.mx\/Portal\/wp-json\/wp\/v2\/tags?post=218151"}],"curies":[{"name":"wp","href":"https:\/\/api.w.org\/{rel}","templated":true}]}}