{"id":217931,"date":"2025-05-12T17:39:43","date_gmt":"2025-05-13T00:39:43","guid":{"rendered":"https:\/\/rnoticias.com.mx\/Portal\/?p=217931"},"modified":"2025-05-12T17:39:43","modified_gmt":"2025-05-13T00:39:43","slug":"gobierno-de-sonora-concluye-exitosa-participacion-en-la-feria-nacional-de-san-marcos-2025","status":"publish","type":"post","link":"https:\/\/rnoticias.com.mx\/Portal\/2025\/05\/12\/gobierno-de-sonora-concluye-exitosa-participacion-en-la-feria-nacional-de-san-marcos-2025\/","title":{"rendered":"Gobierno de Sonora concluye exitosa participaci\u00f3n en la Feria Nacional de San Marcos 2025"},"content":{"rendered":"<p>Aguascalientes, Aguscalientes; 12 de mayo de 2025.- El Gobierno de Sonora, a trav\u00e9s de la Secretar\u00eda de Econom\u00eda y Turismo (SETUR), cerr\u00f3 con gran \u00e9xito su participaci\u00f3n en la Feria Nacional de San Marcos 2025, celebrada en Aguascalientes del 19 de abril al 11 de mayo. Durante el evento, la Casa Sonora concentr\u00f3 la esencia sonorense, ofreciendo a miles de visitantes una muestra excepcional de su cultura, tradiciones y gastronom\u00eda.<\/p>\n<p>El secretario de Econom\u00eda y Turismo de Sonora, Roberto Gradillas Pineda, destac\u00f3 los resultados positivos obtenidos durante la feria. Se comercializaron m\u00e1s de 2 mil productos regionales y artesan\u00edas, generando una derrama econ\u00f3mica superior a 728 mil pesos, mientras que miles de visitantes disfrutaron de la riqueza cultural y gastron\u00f3mica del estado.<\/p>\n<p>En la Casa Sonora, los asistentes pudieron apreciar una exposici\u00f3n representativa de lo m\u00e1s emblem\u00e1tico de la entidad: artesan\u00edas locales, figuras talladas en palo fierro, la riqueza cultural de los pueblos originarios, la aut\u00e9ntica gastronom\u00eda sonorense y, por supuesto, la tradicional bebida del bacanora.<\/p>\n<p>Durante los 23 d\u00edas de feria, los representantes de productos regionales, artesan\u00edas y gastronom\u00eda sonorense lograron importantes ventas, entre ellas m\u00e1s de 200 botellas de bacanora, cerca de 500 kilos de carne asada, miles de piezas artesanales, como figuras de palo fierro y arte de los pueblos originarios, adem\u00e1s de las tradicionales coyotas, que fueron de las favoritas del p\u00fablico.<\/p>\n<p>&#8220;Gracias al respaldo del gobernador Alfonso Durazo Monta\u00f1o, Sonora contin\u00faa consolid\u00e1ndose como un referente tur\u00edstico y cultural a nivel nacional. La participaci\u00f3n en ferias como San Marcos no solo impulsa a nuestros productores y artesanos, sino que fortalece el orgullo por nuestra identidad&#8221;, expres\u00f3 Gradillas Pineda.<\/p>\n<p>El Gobierno de Sonora reafirma su compromiso de seguir promoviendo al estado en los principales escenarios nacionales e internacionales y de continuar generando oportunidades de crecimiento econ\u00f3mico para productores, emprendedores y comunidades.<\/p>\n","protected":false},"excerpt":{"rendered":"<p>Aguascalientes, Aguscalientes; 12 de mayo de 2025.- El Gobierno de Sonora, a trav\u00e9s de la Secretar\u00eda de Econom\u00eda y Turismo (SETUR), cerr\u00f3 con gran \u00e9xito su participaci\u00f3n en la Feria Nacional de San Marcos 2025, celebrada en Aguascalientes del 19 de abril al 11 de mayo. Durante el evento, la Casa Sonora concentr\u00f3 la esencia [&hellip;]<\/p>\n","protected":false},"author":2,"featured_media":217932,"comment_status":"closed","ping_status":"closed","sticky":false,"template":"","format":"standard","meta":{"footnotes":""},"categories":[12870,178],"tags":[12865,12869],"class_list":["post-217931","post","type-post","status-publish","format-standard","has-post-thumbnail","hentry","category-destacadas","category-local","tag-destacadas","tag-local"],"jetpack_featured_media_url":"https:\/\/rnoticias.com.mx\/Portal\/wp-content\/uploads\/2025\/05\/unnamed-1-20.jpg","amp_enabled":true,"_links":{"self":[{"href":"https:\/\/rnoticias.com.mx\/Portal\/wp-json\/wp\/v2\/posts\/217931","targetHints":{"allow":["GET"]}}],"collection":[{"href":"https:\/\/rnoticias.com.mx\/Portal\/wp-json\/wp\/v2\/posts"}],"about":[{"href":"https:\/\/rnoticias.com.mx\/Portal\/wp-json\/wp\/v2\/types\/post"}],"author":[{"embeddable":true,"href":"https:\/\/rnoticias.com.mx\/Portal\/wp-json\/wp\/v2\/users\/2"}],"replies":[{"embeddable":true,"href":"https:\/\/rnoticias.com.mx\/Portal\/wp-json\/wp\/v2\/comments?post=217931"}],"version-history":[{"count":1,"href":"https:\/\/rnoticias.com.mx\/Portal\/wp-json\/wp\/v2\/posts\/217931\/revisions"}],"predecessor-version":[{"id":217933,"href":"https:\/\/rnoticias.com.mx\/Portal\/wp-json\/wp\/v2\/posts\/217931\/revisions\/217933"}],"wp:featuredmedia":[{"embeddable":true,"href":"https:\/\/rnoticias.com.mx\/Portal\/wp-json\/wp\/v2\/media\/217932"}],"wp:attachment":[{"href":"https:\/\/rnoticias.com.mx\/Portal\/wp-json\/wp\/v2\/media?parent=217931"}],"wp:term":[{"taxonomy":"category","embeddable":true,"href":"https:\/\/rnoticias.com.mx\/Portal\/wp-json\/wp\/v2\/categories?post=217931"},{"taxonomy":"post_tag","embeddable":true,"href":"https:\/\/rnoticias.com.mx\/Portal\/wp-json\/wp\/v2\/tags?post=217931"}],"curies":[{"name":"wp","href":"https:\/\/api.w.org\/{rel}","templated":true}]}}