{"id":217919,"date":"2025-05-12T17:27:49","date_gmt":"2025-05-13T00:27:49","guid":{"rendered":"https:\/\/rnoticias.com.mx\/Portal\/?p=217919"},"modified":"2025-05-12T17:27:49","modified_gmt":"2025-05-13T00:27:49","slug":"destaca-alumnado-de-cobach-sonora-en-concurso-regional-de-fisica-y-matematicas","status":"publish","type":"post","link":"https:\/\/rnoticias.com.mx\/Portal\/2025\/05\/12\/destaca-alumnado-de-cobach-sonora-en-concurso-regional-de-fisica-y-matematicas\/","title":{"rendered":"Destaca alumnado de Cobach Sonora en Concurso Regional de F\u00edsica y Matem\u00e1ticas"},"content":{"rendered":"<p align=\"left\">Hermosillo, Sonora; 12 de mayo de 2025.- Estudiantes del Colegio de Bachilleres del Estado de Sonora (Cobach) tuvieron una brillante actuaci\u00f3n en el Concurso Regional de F\u00edsica y Matem\u00e1ticas, organizado por la Universidad de Sonora, al ganar el primero y segundo lugar en ambas disciplinas, adem\u00e1s de ocupar otras posiciones en el cuadro de honor, destac\u00f3 Rodrigo Arturo Rosas Burgos, director general del Cobach.<\/p>\n<p align=\"left\">Rosas Burgos resalt\u00f3 la participaci\u00f3n de los estudiantes Al\u00e1n Flores Alaniz, del plantel Caborca, quien obtuvo primer lugar en Matem\u00e1ticas y segundo en F\u00edsica; Jos\u00e9 Raymundo Maray Mart\u00ednez Jim\u00e9nez, primer lugar en F\u00edsica; y Sebasti\u00e1n T\u00e1nori Gallardo, segundo lugar en Matem\u00e1ticas, estos dos \u00faltimos del plantel \u201cProfesor Jes\u00fas Guillermo Careaga Cruz\u201d (Reforma).<\/p>\n<p align=\"left\">Expuso que tambi\u00e9n sobresalieron Luis Mario Molina Niebla (del Cobach Hermosillo 5) quien qued\u00f3 en tercer lugar en F\u00edsica y Jes\u00fas Romero Mayoral (del plantel Villa de Seris) en quinto, al igual que Juli\u00e1n Serrano Mungarro (Villa de Seris) tambi\u00e9n en quinto, pero en el concurso de Matem\u00e1ticas. En este certamen fueron convocados estudiantes de Baja California, Baja California Sur, Chihuahua, Sinaloa y Sonora.<\/p>\n<p align=\"left\">El directivo del Cobach destac\u00f3 que este LIV Concurso Regional de F\u00edsica y Matem\u00e1ticas fue dedicado en homenaje al profesor Jos\u00e9 \u00c1ngel C\u00e1rdenas Madrid, quien se desempe\u00f1\u00f3 como docente en el plantel \u201cProfesor Jes\u00fas Guillermo Careaga Cruz\u201d del Colegio de Bachilleres del Estado de Sonora, donde fund\u00f3 y promovi\u00f3 el Club de F\u00edsica, incentivando entre los j\u00f3venes el inter\u00e9s por esta disciplina.<\/p>\n<p align=\"left\">Adem\u00e1s, se integr\u00f3 la Preselecci\u00f3n Sonora para la Olimpiada Nacional de F\u00edsica, en la que quedaron incluidos los alumnos del Cobach: Al\u00e1n Flores Alaniz (plantel Caborca), Horacio Armando Armend\u00e1riz Blanco, Vania Michel Ch\u00e1vez Morgan, Jes\u00fas Romero Mayoral y Nicol\u00e1s Abdiel T\u00e1nori Hern\u00e1ndez (plantel Villa de Seris), Melina Yetzelh Escalante Macen (plantel Prof. Guillermo Careaga) y Emiliano Solano Onuma (plantel Hermosillo 5).<\/p>\n","protected":false},"excerpt":{"rendered":"<p>Hermosillo, Sonora; 12 de mayo de 2025.- Estudiantes del Colegio de Bachilleres del Estado de Sonora (Cobach) tuvieron una brillante actuaci\u00f3n en el Concurso Regional de F\u00edsica y Matem\u00e1ticas, organizado por la Universidad de Sonora, al ganar el primero y segundo lugar en ambas disciplinas, adem\u00e1s de ocupar otras posiciones en el cuadro de honor, [&hellip;]<\/p>\n","protected":false},"author":2,"featured_media":217920,"comment_status":"closed","ping_status":"closed","sticky":false,"template":"","format":"standard","meta":{"footnotes":""},"categories":[12870,178],"tags":[12865,12869],"class_list":["post-217919","post","type-post","status-publish","format-standard","has-post-thumbnail","hentry","category-destacadas","category-local","tag-destacadas","tag-local"],"jetpack_featured_media_url":"https:\/\/rnoticias.com.mx\/Portal\/wp-content\/uploads\/2025\/05\/unnamed-49.jpg","amp_enabled":true,"_links":{"self":[{"href":"https:\/\/rnoticias.com.mx\/Portal\/wp-json\/wp\/v2\/posts\/217919","targetHints":{"allow":["GET"]}}],"collection":[{"href":"https:\/\/rnoticias.com.mx\/Portal\/wp-json\/wp\/v2\/posts"}],"about":[{"href":"https:\/\/rnoticias.com.mx\/Portal\/wp-json\/wp\/v2\/types\/post"}],"author":[{"embeddable":true,"href":"https:\/\/rnoticias.com.mx\/Portal\/wp-json\/wp\/v2\/users\/2"}],"replies":[{"embeddable":true,"href":"https:\/\/rnoticias.com.mx\/Portal\/wp-json\/wp\/v2\/comments?post=217919"}],"version-history":[{"count":1,"href":"https:\/\/rnoticias.com.mx\/Portal\/wp-json\/wp\/v2\/posts\/217919\/revisions"}],"predecessor-version":[{"id":217921,"href":"https:\/\/rnoticias.com.mx\/Portal\/wp-json\/wp\/v2\/posts\/217919\/revisions\/217921"}],"wp:featuredmedia":[{"embeddable":true,"href":"https:\/\/rnoticias.com.mx\/Portal\/wp-json\/wp\/v2\/media\/217920"}],"wp:attachment":[{"href":"https:\/\/rnoticias.com.mx\/Portal\/wp-json\/wp\/v2\/media?parent=217919"}],"wp:term":[{"taxonomy":"category","embeddable":true,"href":"https:\/\/rnoticias.com.mx\/Portal\/wp-json\/wp\/v2\/categories?post=217919"},{"taxonomy":"post_tag","embeddable":true,"href":"https:\/\/rnoticias.com.mx\/Portal\/wp-json\/wp\/v2\/tags?post=217919"}],"curies":[{"name":"wp","href":"https:\/\/api.w.org\/{rel}","templated":true}]}}