{"id":217916,"date":"2025-05-12T17:27:03","date_gmt":"2025-05-13T00:27:03","guid":{"rendered":"https:\/\/rnoticias.com.mx\/Portal\/?p=217916"},"modified":"2025-05-12T17:27:03","modified_gmt":"2025-05-13T00:27:03","slug":"detienen-a-hombre-en-teocaltiche-estaria-implicado-en-homicidios-de-funcionarios","status":"publish","type":"post","link":"https:\/\/rnoticias.com.mx\/Portal\/2025\/05\/12\/detienen-a-hombre-en-teocaltiche-estaria-implicado-en-homicidios-de-funcionarios\/","title":{"rendered":"Detienen a hombre en Teocaltiche; estar\u00eda implicado en homicidios de funcionarios"},"content":{"rendered":"<p>Durante un recorrido de vigilancia en la colonia Los Arcos, elementos de la Polic\u00eda Regional adscritos a la Fuerza Interinstitucional Regional (FIR) detuvieron a un hombre que presuntamente portaba un arma de fuego en la v\u00eda p\u00fablica.<\/p>\n<p>La detenci\u00f3n ocurri\u00f3 en el\u00a0<strong>cruce de las calles Puma y Panam\u00e1<\/strong>, donde los uniformados detectaron a un sujeto que caminaba con lo que parec\u00eda ser un arma fajada a la cintura, ya que a simple vista se alcanzaban a ver las cachas.<\/p>\n<p>Tras marcarle el alto, los oficiales realizaron una revisi\u00f3n conforme a los protocolos de actuaci\u00f3n policial, en la que<strong>\u00a0le aseguraron un arma de fuego calibre 9 mil\u00edmetros, con un cargador abastecido con 10 cartuchos \u00fatiles.<\/strong><\/p>\n<p>El detenido fue identificado como<strong>\u00a0Francisco \u201cN\u201d, de 38 a\u00f1os,\u00a0<\/strong>quien fue puesto a disposici\u00f3n del agente del Ministerio P\u00fablico.<\/p>\n<p>Informaci\u00f3n extraoficial se\u00f1ala que<strong>\u00a0Francisco \u201cN\u201d, alias \u201cEl Coyote\u201d, estar\u00eda relacionado con dos asesinatos recientes en Teocaltiche.<\/strong><\/p>\n<p>De acuerdo con informes preliminares,\u00a0<mark><strong>el hombre estar\u00eda identificado como el presunto responsable del homicidio del secretario general de Gobierno de Teocaltiche, Jos\u00e9 Luis Pereida Robles, ocurrido el pasado 28 de abril<\/strong><\/mark><strong>\u00a0<\/strong>en la zona Centro del municipio.<\/p>\n<p>Asimismo,\u00a0<mark><strong>se le ubicar\u00eda como uno de los cuatro sujetos que participaron en el ataque armado que le arrebat\u00f3 la vida a la regidora Cecilia Ruvalcaba, el pasado 8 de mayo,<\/strong><\/mark>\u00a0cuando se encontraba internada en el hospital comunitario de Teocaltiche.<\/p>\n<div class=\"div-pos-7\"><\/div>\n<p>Las autoridades no han confirmado oficialmente estos v\u00ednculos, pero las investigaciones contin\u00faan para determinar la participaci\u00f3n del detenido en estos hechos.<\/p>\n","protected":false},"excerpt":{"rendered":"<p>Durante un recorrido de vigilancia en la colonia Los Arcos, elementos de la Polic\u00eda Regional adscritos a la Fuerza Interinstitucional Regional (FIR) detuvieron a un hombre que presuntamente portaba un arma de fuego en la v\u00eda p\u00fablica. La detenci\u00f3n ocurri\u00f3 en el\u00a0cruce de las calles Puma y Panam\u00e1, donde los uniformados detectaron a un sujeto [&hellip;]<\/p>\n","protected":false},"author":2,"featured_media":217917,"comment_status":"closed","ping_status":"closed","sticky":false,"template":"","format":"standard","meta":{"footnotes":""},"categories":[12870,172],"tags":[12865,12874],"class_list":["post-217916","post","type-post","status-publish","format-standard","has-post-thumbnail","hentry","category-destacadas","category-nacional","tag-destacadas","tag-nacional"],"jetpack_featured_media_url":"https:\/\/rnoticias.com.mx\/Portal\/wp-content\/uploads\/2025\/05\/coyote.webp","amp_enabled":true,"_links":{"self":[{"href":"https:\/\/rnoticias.com.mx\/Portal\/wp-json\/wp\/v2\/posts\/217916","targetHints":{"allow":["GET"]}}],"collection":[{"href":"https:\/\/rnoticias.com.mx\/Portal\/wp-json\/wp\/v2\/posts"}],"about":[{"href":"https:\/\/rnoticias.com.mx\/Portal\/wp-json\/wp\/v2\/types\/post"}],"author":[{"embeddable":true,"href":"https:\/\/rnoticias.com.mx\/Portal\/wp-json\/wp\/v2\/users\/2"}],"replies":[{"embeddable":true,"href":"https:\/\/rnoticias.com.mx\/Portal\/wp-json\/wp\/v2\/comments?post=217916"}],"version-history":[{"count":1,"href":"https:\/\/rnoticias.com.mx\/Portal\/wp-json\/wp\/v2\/posts\/217916\/revisions"}],"predecessor-version":[{"id":217918,"href":"https:\/\/rnoticias.com.mx\/Portal\/wp-json\/wp\/v2\/posts\/217916\/revisions\/217918"}],"wp:featuredmedia":[{"embeddable":true,"href":"https:\/\/rnoticias.com.mx\/Portal\/wp-json\/wp\/v2\/media\/217917"}],"wp:attachment":[{"href":"https:\/\/rnoticias.com.mx\/Portal\/wp-json\/wp\/v2\/media?parent=217916"}],"wp:term":[{"taxonomy":"category","embeddable":true,"href":"https:\/\/rnoticias.com.mx\/Portal\/wp-json\/wp\/v2\/categories?post=217916"},{"taxonomy":"post_tag","embeddable":true,"href":"https:\/\/rnoticias.com.mx\/Portal\/wp-json\/wp\/v2\/tags?post=217916"}],"curies":[{"name":"wp","href":"https:\/\/api.w.org\/{rel}","templated":true}]}}