{"id":217862,"date":"2025-05-11T22:24:53","date_gmt":"2025-05-12T05:24:53","guid":{"rendered":"https:\/\/rnoticias.com.mx\/Portal\/?p=217862"},"modified":"2025-05-11T22:24:53","modified_gmt":"2025-05-12T05:24:53","slug":"derechohabientes-de-pensiones-bienestar-en-sonora-pueden-registrar-a-un-auxiliar-octavio-almada-palafox","status":"publish","type":"post","link":"https:\/\/rnoticias.com.mx\/Portal\/2025\/05\/11\/derechohabientes-de-pensiones-bienestar-en-sonora-pueden-registrar-a-un-auxiliar-octavio-almada-palafox\/","title":{"rendered":"DERECHOHABIENTES DE PENSIONES BIENESTAR EN SONORA PUEDEN REGISTRAR A UN AUXILIAR: OCTAVIO ALMADA PALAFOX"},"content":{"rendered":"<p>Hermosillo, Sonora, domingo 11 de mayo de 2025.- Derechohabientes de las Pensiones para el Bienestar de las Personas Adultas Mayores, Personas con Discapacidad y Mujeres Bienestar pueden registrar a un auxiliar como apoyo para realizar sus tr\u00e1mites, si as\u00ed lo desean.<\/p>\n<p>El Delegado de los Programas para el Bienestar en la Sonora, Octavio Almada Palafox, explic\u00f3 que la persona auxiliar podr\u00e1 representar al o la dererechohabiente o al solicitante de la pensi\u00f3n cuando se requiera, y puede ser un familiar o un adulto de su confianza.<\/p>\n<p>El registro de la persona auxiliar designada, agreg\u00f3 el Delegado, puede hacerse desde el momento en que el solicitante acude a incorporarse a una de las pensiones, y en este caso, ambos deber\u00e1n presentarse en los m\u00f3dulos de Bienestar con sus documentos una vez que est\u00e9 abierta la convocatoria.<\/p>\n<p>En caso de ser derechohabiente de las pensiones Bienestar y no haber registrado auxiliar desde el inicio, puede hacer el tr\u00e1mite de lunes a viernes en un horario de 8:00 am a 3:00 pm en uno de los m\u00e1s de 90 m\u00f3dulos en el estado.<\/p>\n<p>El Delegado Almada Palafox subray\u00f3 que el auxiliar designado deber\u00e1 presentar la misma documentaci\u00f3n que el solicitante: Acta de nacimiento legible, identificaci\u00f3n oficial vigente, CURP certificada, comprobante de domicilio y dos n\u00fameros telef\u00f3nicos de contacto.<\/p>\n","protected":false},"excerpt":{"rendered":"<p>Hermosillo, Sonora, domingo 11 de mayo de 2025.- Derechohabientes de las Pensiones para el Bienestar de las Personas Adultas Mayores, Personas con Discapacidad y Mujeres Bienestar pueden registrar a un auxiliar como apoyo para realizar sus tr\u00e1mites, si as\u00ed lo desean. El Delegado de los Programas para el Bienestar en la Sonora, Octavio Almada Palafox, [&hellip;]<\/p>\n","protected":false},"author":2,"featured_media":217863,"comment_status":"closed","ping_status":"closed","sticky":false,"template":"","format":"standard","meta":{"footnotes":""},"categories":[12870,178],"tags":[12865,12869],"class_list":["post-217862","post","type-post","status-publish","format-standard","has-post-thumbnail","hentry","category-destacadas","category-local","tag-destacadas","tag-local"],"jetpack_featured_media_url":"https:\/\/rnoticias.com.mx\/Portal\/wp-content\/uploads\/2025\/05\/3c874243-b901-4674-ac65-9b998a10ebef.jpg","amp_enabled":true,"_links":{"self":[{"href":"https:\/\/rnoticias.com.mx\/Portal\/wp-json\/wp\/v2\/posts\/217862","targetHints":{"allow":["GET"]}}],"collection":[{"href":"https:\/\/rnoticias.com.mx\/Portal\/wp-json\/wp\/v2\/posts"}],"about":[{"href":"https:\/\/rnoticias.com.mx\/Portal\/wp-json\/wp\/v2\/types\/post"}],"author":[{"embeddable":true,"href":"https:\/\/rnoticias.com.mx\/Portal\/wp-json\/wp\/v2\/users\/2"}],"replies":[{"embeddable":true,"href":"https:\/\/rnoticias.com.mx\/Portal\/wp-json\/wp\/v2\/comments?post=217862"}],"version-history":[{"count":1,"href":"https:\/\/rnoticias.com.mx\/Portal\/wp-json\/wp\/v2\/posts\/217862\/revisions"}],"predecessor-version":[{"id":217864,"href":"https:\/\/rnoticias.com.mx\/Portal\/wp-json\/wp\/v2\/posts\/217862\/revisions\/217864"}],"wp:featuredmedia":[{"embeddable":true,"href":"https:\/\/rnoticias.com.mx\/Portal\/wp-json\/wp\/v2\/media\/217863"}],"wp:attachment":[{"href":"https:\/\/rnoticias.com.mx\/Portal\/wp-json\/wp\/v2\/media?parent=217862"}],"wp:term":[{"taxonomy":"category","embeddable":true,"href":"https:\/\/rnoticias.com.mx\/Portal\/wp-json\/wp\/v2\/categories?post=217862"},{"taxonomy":"post_tag","embeddable":true,"href":"https:\/\/rnoticias.com.mx\/Portal\/wp-json\/wp\/v2\/tags?post=217862"}],"curies":[{"name":"wp","href":"https:\/\/api.w.org\/{rel}","templated":true}]}}