{"id":217856,"date":"2025-05-11T22:00:48","date_gmt":"2025-05-12T05:00:48","guid":{"rendered":"https:\/\/rnoticias.com.mx\/Portal\/?p=217856"},"modified":"2025-05-11T22:00:48","modified_gmt":"2025-05-12T05:00:48","slug":"sera-homenajeado-guillermo-moreno-en-la-ruta-del-arte-de-las-fiestas-del-pitic-2025","status":"publish","type":"post","link":"https:\/\/rnoticias.com.mx\/Portal\/2025\/05\/11\/sera-homenajeado-guillermo-moreno-en-la-ruta-del-arte-de-las-fiestas-del-pitic-2025\/","title":{"rendered":"Ser\u00e1 homenajeado Guillermo Moreno en la Ruta del Arte de las Fiestas del Pitic 2025"},"content":{"rendered":"<p>Hermosillo, Sonora; 11 de mayo, 2025.- Como en los \u00faltimos a\u00f1os, las Fiestas del Pitic 2025 contar\u00e1n con la Ruta del Arte, que tendr\u00e1 exposiciones permanentes en 16 puntos de la ciudad, en la que rendir\u00e1n homenaje al fot\u00f3grafo hermosillense Guillermo Moreno.<\/p>\n<p>Durante los cuatro d\u00edas que se lleve a cabo la celebraci\u00f3n del aniversario 325 de Hermosillo, del 22 al 25 de mayo, estar\u00e1n disponibles las exposiciones en galer\u00edas y caf\u00e9s del Centro Hist\u00f3rico de la ciudad.<\/p>\n<p>En El Colegio de Sonora se exhibir\u00e1 una exposici\u00f3n fotogr\u00e1fica de Guillermo Moreno Egurrola denominada &#8220;70 a\u00f1os en esto de la Fotograf\u00eda&#8221;, la cual se inaugurar\u00e1 el lunes 19 de mayo a las 17:00 horas.<\/p>\n<p>Memo Moreno ha dedicado m\u00e1s de seis d\u00e9cadas a la fotograf\u00eda, un camino que inici\u00f3 el 25 de mayo de 1955 cuando Miguel &#8220;El G\u00fcero&#8221; Castro Serv\u00edn le pidi\u00f3 que tomara sus primeras im\u00e1genes. Desde entonces, ha perfeccionado su t\u00e9cnica mediante el estudio y la pr\u00e1ctica, compartiendo su conocimiento con quienes buscan mejorar su mirada fotogr\u00e1fica.<\/p>\n<p>A lo largo de su carrera, ha recibido m\u00faltiples reconocimientos, entre ellos los m\u00e1s recientes: un homenaje del Tecnol\u00f3gico de Monterrey en 2023 por sus 68 a\u00f1os como fot\u00f3grafo. Adem\u00e1s, el Gobierno del Estado de Sonora le otorg\u00f3 un reconocimiento en 2022 por su contribuci\u00f3n a la promoci\u00f3n del turismo sonorense.<\/p>\n<p>Memo Moreno vio en la fotograf\u00eda de paisajes una oportunidad para documentar y compartir la belleza de Sonora. Con el apoyo de su esposa Ana Lydia, emprendi\u00f3 uno de los proyectos m\u00e1s significativos de su trayectoria, combinando su pasi\u00f3n por la imagen con el disfrute de cada viaje y cada nueva escena capturada.<\/p>\n<p>Como parte de esta Ruta del Arte, el pr\u00f3ximo martes 13 de mayo, a las 19:00 horas en la Galer\u00eda Oasis 179, se inaugurar\u00e1n la exposici\u00f3n colectiva \u201cDraw &amp; Horror\u201d, de dibujo, ilustraci\u00f3n y pintura que re\u00fane a m\u00e1s de 60 artistas pl\u00e1sticos y la exposici\u00f3n \u201cPaisajes internos\u201d, del fot\u00f3grafo H\u00e9ctor Maldonado, obra que hace referencia a la identidad, a los paisajes internos y a la equidad.<\/p>\n<p>El mi\u00e9rcoles 14 de mayo, a las 19:00 horas se inaugurar\u00e1 la Exposici\u00f3n Artistas de Sonora en Galer\u00eda-Estudio Ozuna, donde se expondr\u00e1 obra de los artistas visuales Enrique Rodr\u00edguez, Gustavo Ozuna, Ruth Mayela Real, Jorge Ayala; Quetzalc\u00f3atl N\u00fa\u00f1ez, Melissa Campa, Carlos Gonz\u00e1lez Vega, Luis Dom\u00ednguez \u201cBekes\u201d, Abisai Valmen, OM, Carolina Parra, Dalila Mar, V\u00edctor Fontes \u201cVixer\u201d y David Ozuna.<\/p>\n<p>El programa completo de exposiciones de la Ruta del Arte y del Pabell\u00f3n de Arte se puede consultar en https:\/\/fiestasdelpitic.hermosillo.gob.mx<\/p>\n","protected":false},"excerpt":{"rendered":"<p>Hermosillo, Sonora; 11 de mayo, 2025.- Como en los \u00faltimos a\u00f1os, las Fiestas del Pitic 2025 contar\u00e1n con la Ruta del Arte, que tendr\u00e1 exposiciones permanentes en 16 puntos de la ciudad, en la que rendir\u00e1n homenaje al fot\u00f3grafo hermosillense Guillermo Moreno. Durante los cuatro d\u00edas que se lleve a cabo la celebraci\u00f3n del aniversario [&hellip;]<\/p>\n","protected":false},"author":2,"featured_media":217857,"comment_status":"closed","ping_status":"closed","sticky":false,"template":"","format":"standard","meta":{"footnotes":""},"categories":[12870,178],"tags":[12865,12869],"class_list":["post-217856","post","type-post","status-publish","format-standard","has-post-thumbnail","hentry","category-destacadas","category-local","tag-destacadas","tag-local"],"jetpack_featured_media_url":"https:\/\/rnoticias.com.mx\/Portal\/wp-content\/uploads\/2025\/05\/287ee288-a313-459f-9dee-5606caa6135f.jpg","amp_enabled":true,"_links":{"self":[{"href":"https:\/\/rnoticias.com.mx\/Portal\/wp-json\/wp\/v2\/posts\/217856","targetHints":{"allow":["GET"]}}],"collection":[{"href":"https:\/\/rnoticias.com.mx\/Portal\/wp-json\/wp\/v2\/posts"}],"about":[{"href":"https:\/\/rnoticias.com.mx\/Portal\/wp-json\/wp\/v2\/types\/post"}],"author":[{"embeddable":true,"href":"https:\/\/rnoticias.com.mx\/Portal\/wp-json\/wp\/v2\/users\/2"}],"replies":[{"embeddable":true,"href":"https:\/\/rnoticias.com.mx\/Portal\/wp-json\/wp\/v2\/comments?post=217856"}],"version-history":[{"count":1,"href":"https:\/\/rnoticias.com.mx\/Portal\/wp-json\/wp\/v2\/posts\/217856\/revisions"}],"predecessor-version":[{"id":217858,"href":"https:\/\/rnoticias.com.mx\/Portal\/wp-json\/wp\/v2\/posts\/217856\/revisions\/217858"}],"wp:featuredmedia":[{"embeddable":true,"href":"https:\/\/rnoticias.com.mx\/Portal\/wp-json\/wp\/v2\/media\/217857"}],"wp:attachment":[{"href":"https:\/\/rnoticias.com.mx\/Portal\/wp-json\/wp\/v2\/media?parent=217856"}],"wp:term":[{"taxonomy":"category","embeddable":true,"href":"https:\/\/rnoticias.com.mx\/Portal\/wp-json\/wp\/v2\/categories?post=217856"},{"taxonomy":"post_tag","embeddable":true,"href":"https:\/\/rnoticias.com.mx\/Portal\/wp-json\/wp\/v2\/tags?post=217856"}],"curies":[{"name":"wp","href":"https:\/\/api.w.org\/{rel}","templated":true}]}}