{"id":217840,"date":"2025-05-11T21:33:01","date_gmt":"2025-05-12T04:33:01","guid":{"rendered":"https:\/\/rnoticias.com.mx\/Portal\/?p=217840"},"modified":"2025-05-11T21:33:01","modified_gmt":"2025-05-12T04:33:01","slug":"estudiante-de-la-universidad-tecnologica-de-slrc-competira-en-la-olimpiada-nacional-conade-2025","status":"publish","type":"post","link":"https:\/\/rnoticias.com.mx\/Portal\/2025\/05\/11\/estudiante-de-la-universidad-tecnologica-de-slrc-competira-en-la-olimpiada-nacional-conade-2025\/","title":{"rendered":"Estudiante de la Universidad Tecnol\u00f3gica de SLRC competir\u00e1 en la Olimpiada Nacional Conade 2025"},"content":{"rendered":"<p>San Luis R\u00edo Colorado, Sonora; 11 de mayo de 2025.- Jos\u00e9 Manuel \u00c1ngel Ram\u00edrez, estudiante de la Universidad Tecnol\u00f3gica de San Luis R\u00edo Colorado (Utslrc), gan\u00f3 su pase a la Olimpiada Nacional Conade 2025 tras lograr el segundo lugar en las pruebas de salto de longitud y salto triple en el Macro Regional de Atletismo realizado en Tamaulipas.<\/p>\n<p>Jos\u00e9 Arturo Delgado Reza, rector de la Utslrc, destac\u00f3 el talento y las habilidades deportivas del joven sanluisino, quien actualmente cursa la carrera de Ingenier\u00eda en Electromec\u00e1nica Industrial (IEMI) y aspira a obtener una medalla en el evento nacional que se llevar\u00e1 a cabo en Tlaxcala a partir del 24 de junio.<\/p>\n<p>Detall\u00f3 que, en el evento realizado en Ciudad Victoria, al que asistieron atletas de Chihuahua, Baja California, Baja California Sur, Sinaloa, Durango, Coahuila, Tamaulipas, Nuevo Le\u00f3n, Zacatecas y San Luis Potos\u00ed, logr\u00f3 una marca de 14.55 metros en salto triple y 6.88 metros en salto de longitud.<\/p>\n<p>Delgado Reza indic\u00f3 que el estudiante de la Utslrc, al igual que otros deportistas sonorenses en atletismo y triatl\u00f3n, representar\u00e1 con orgullo a la entidad, como parte del fortalecimiento que brinda el Gobierno del Estado a la promoci\u00f3n de estilos de vida saludables entre las nuevas generaciones.<\/p>\n","protected":false},"excerpt":{"rendered":"<p>San Luis R\u00edo Colorado, Sonora; 11 de mayo de 2025.- Jos\u00e9 Manuel \u00c1ngel Ram\u00edrez, estudiante de la Universidad Tecnol\u00f3gica de San Luis R\u00edo Colorado (Utslrc), gan\u00f3 su pase a la Olimpiada Nacional Conade 2025 tras lograr el segundo lugar en las pruebas de salto de longitud y salto triple en el Macro Regional de Atletismo [&hellip;]<\/p>\n","protected":false},"author":2,"featured_media":217841,"comment_status":"closed","ping_status":"closed","sticky":false,"template":"","format":"standard","meta":{"footnotes":""},"categories":[188,12870],"tags":[5231,12865],"class_list":["post-217840","post","type-post","status-publish","format-standard","has-post-thumbnail","hentry","category-deportes","category-destacadas","tag-deportes","tag-destacadas"],"jetpack_featured_media_url":"https:\/\/rnoticias.com.mx\/Portal\/wp-content\/uploads\/2025\/05\/unnamed-46.jpg","amp_enabled":true,"_links":{"self":[{"href":"https:\/\/rnoticias.com.mx\/Portal\/wp-json\/wp\/v2\/posts\/217840","targetHints":{"allow":["GET"]}}],"collection":[{"href":"https:\/\/rnoticias.com.mx\/Portal\/wp-json\/wp\/v2\/posts"}],"about":[{"href":"https:\/\/rnoticias.com.mx\/Portal\/wp-json\/wp\/v2\/types\/post"}],"author":[{"embeddable":true,"href":"https:\/\/rnoticias.com.mx\/Portal\/wp-json\/wp\/v2\/users\/2"}],"replies":[{"embeddable":true,"href":"https:\/\/rnoticias.com.mx\/Portal\/wp-json\/wp\/v2\/comments?post=217840"}],"version-history":[{"count":1,"href":"https:\/\/rnoticias.com.mx\/Portal\/wp-json\/wp\/v2\/posts\/217840\/revisions"}],"predecessor-version":[{"id":217842,"href":"https:\/\/rnoticias.com.mx\/Portal\/wp-json\/wp\/v2\/posts\/217840\/revisions\/217842"}],"wp:featuredmedia":[{"embeddable":true,"href":"https:\/\/rnoticias.com.mx\/Portal\/wp-json\/wp\/v2\/media\/217841"}],"wp:attachment":[{"href":"https:\/\/rnoticias.com.mx\/Portal\/wp-json\/wp\/v2\/media?parent=217840"}],"wp:term":[{"taxonomy":"category","embeddable":true,"href":"https:\/\/rnoticias.com.mx\/Portal\/wp-json\/wp\/v2\/categories?post=217840"},{"taxonomy":"post_tag","embeddable":true,"href":"https:\/\/rnoticias.com.mx\/Portal\/wp-json\/wp\/v2\/tags?post=217840"}],"curies":[{"name":"wp","href":"https:\/\/api.w.org\/{rel}","templated":true}]}}