{"id":217837,"date":"2025-05-11T21:00:57","date_gmt":"2025-05-12T04:00:57","guid":{"rendered":"https:\/\/rnoticias.com.mx\/Portal\/?p=217837"},"modified":"2025-05-11T21:00:57","modified_gmt":"2025-05-12T04:00:57","slug":"hijos-de-shakira-sasha-y-milan-comienzan-nuevo-proyecto-musical","status":"publish","type":"post","link":"https:\/\/rnoticias.com.mx\/Portal\/2025\/05\/11\/hijos-de-shakira-sasha-y-milan-comienzan-nuevo-proyecto-musical\/","title":{"rendered":"Hijos de Shakira, Sasha y Mil\u00e1n comienzan nuevo proyecto musical"},"content":{"rendered":"<p><mark><strong>No cabe duda de que el talento se hereda, y prueba de ello son los hijos de la cantante colombiana Shakira:<\/strong><\/mark>\u00a0<strong>Milan y Sasha, quienes recientemente debutaron en la m\u00fasica con la canci\u00f3n \u201cThe One\u201d.<\/strong><\/p>\n<p><strong>No es la primera vez que aparecen en el \u00e1mbito musical.<\/strong>\u00a0En 2023, Shakira sorprendi\u00f3 a su p\u00fablico con un sencillo tan emotivo como significativo en una nueva etapa de su carrera:<mark>\u00a0\u201cAcr\u00f3stico\u201d, interpretado junto a sus dos hijos. Milan, de 12 a\u00f1os, toc\u00f3 el piano, mientras que Sasha, de 10, particip\u00f3 en los coros,<\/mark>\u00a0mostrando el espacio que su madre les ha brindado para desarrollar su talento desde temprana edad.<\/p>\n<p>La canci\u00f3n narra la relaci\u00f3n entre una madre y sus hijos, y c\u00f3mo, gracias a un v\u00ednculo fuerte y amoroso, pueden superar cualquier adversidad.<\/p>\n<div class=\" b2\"><\/div>\n<blockquote><p>&#8220;Este a\u00f1o, Milan ha escrito canciones que me arrancaron l\u00e1grimas de emoci\u00f3n y Sasha ha dedicado horas al piano, descubriendo su voz&#8221;, expres\u00f3 Shakira en 2023 al compartir un fragmento de \u201cAcr\u00f3stico\u201d en redes sociales.<\/p><\/blockquote>\n<p><strong>As\u00ed, Shakira ha demostrado siempre su apoyo incondicional a Milan y Sasha,\u00a0<\/strong><mark>quienes recientemente estrenaron su nuevo sencillo musical,\u00a0<\/mark>en el que no solo interpretan la canci\u00f3n, sino que tambi\u00e9n son los protagonistas.<\/p>\n<h3>Los hijos de Shakira y Piqu\u00e9 debutan en la m\u00fasica con el tema \u2018The One\u2019<\/h3>\n<p><mark><strong>Los hijos de la cantante Shakira y el futbolista Gerard Piqu\u00e9 debutaron en la m\u00fasica con la canci\u00f3n &#8216;The One&#8217;, escrita por Milan,<\/strong><\/mark>\u00a0tambi\u00e9n vocalista del tema, y con Sasha a la bater\u00eda.<\/p>\n<p><mark>La colombiana comparti\u00f3 su emoci\u00f3n del nuevo proyecto de sus hijos a trav\u00e9s de Instagram\u00a0<\/mark>con un ragmento del videoclip con la frase:\u00a0<strong>\u00a0&#8220;\u00a1Qu\u00e9 regalo m\u00e1s lindo para este d\u00eda!&#8221;<\/strong>, haciendo alusi\u00f3n a que hoy es el D\u00eda de la Madre en algunos pa\u00edses como Estados Unidos.<\/p>\n<p><strong>\u00a0La canci\u00f3n, una colaboraci\u00f3n con la cantante Mila V., est\u00e1 producida por la fundaci\u00f3n Let it Beat Academy,\u00a0<\/strong>de los m\u00fasicos argentinos Guillermo Vadal\u00e1 y Nerina Nicotra, y forma parte de su programa Next Generation of Artists, cuya meta es impulsar las carreras musicales de j\u00f3venes de entre 10 y 20 a\u00f1os.<\/p>\n<p><strong>El tema puede encontrarse en plataformas como Youtube,\u00a0<\/strong>donde ya cosecha m\u00e1s de 150 mil visualizaciones, y forma parte del \u00e1lbum &#8216;ALL FOR YOU&#8217;, publicado por Let it Beat Academy.\u00a0 <span class=\"item first\">\u00a0<\/span>\u00a0<span class=\"item second\">\u00a0<\/span>\u00a0<span class=\"item third\">\u00a0<\/span><\/p>\n<p><mark>Adem\u00e1s Milan y Sasha, presentaron la semana pasada la canci\u00f3n en una gala en Miami organizada por la fundaci\u00f3n,\u00a0<\/mark>a la que acudi\u00f3 Shakira y a quien se la pudo ver aplaudiendo emocionada a sus hijos mientras interpretaban el &#8216;single&#8217;.<\/p>\n<p>&nbsp;<\/p>\n<p>Con informaci\u00f3n de EFE.<\/p>\n","protected":false},"excerpt":{"rendered":"<p>No cabe duda de que el talento se hereda, y prueba de ello son los hijos de la cantante colombiana Shakira:\u00a0Milan y Sasha, quienes recientemente debutaron en la m\u00fasica con la canci\u00f3n \u201cThe One\u201d. No es la primera vez que aparecen en el \u00e1mbito musical.\u00a0En 2023, Shakira sorprendi\u00f3 a su p\u00fablico con un sencillo tan [&hellip;]<\/p>\n","protected":false},"author":2,"featured_media":217838,"comment_status":"closed","ping_status":"closed","sticky":false,"template":"","format":"standard","meta":{"footnotes":""},"categories":[12870,219],"tags":[12865,12875],"class_list":["post-217837","post","type-post","status-publish","format-standard","has-post-thumbnail","hentry","category-destacadas","category-espectaculos","tag-destacadas","tag-espectaculos"],"jetpack_featured_media_url":"https:\/\/rnoticias.com.mx\/Portal\/wp-content\/uploads\/2025\/05\/hijos-shakira-cantantes-e1746897786274.webp","amp_enabled":true,"_links":{"self":[{"href":"https:\/\/rnoticias.com.mx\/Portal\/wp-json\/wp\/v2\/posts\/217837","targetHints":{"allow":["GET"]}}],"collection":[{"href":"https:\/\/rnoticias.com.mx\/Portal\/wp-json\/wp\/v2\/posts"}],"about":[{"href":"https:\/\/rnoticias.com.mx\/Portal\/wp-json\/wp\/v2\/types\/post"}],"author":[{"embeddable":true,"href":"https:\/\/rnoticias.com.mx\/Portal\/wp-json\/wp\/v2\/users\/2"}],"replies":[{"embeddable":true,"href":"https:\/\/rnoticias.com.mx\/Portal\/wp-json\/wp\/v2\/comments?post=217837"}],"version-history":[{"count":1,"href":"https:\/\/rnoticias.com.mx\/Portal\/wp-json\/wp\/v2\/posts\/217837\/revisions"}],"predecessor-version":[{"id":217839,"href":"https:\/\/rnoticias.com.mx\/Portal\/wp-json\/wp\/v2\/posts\/217837\/revisions\/217839"}],"wp:featuredmedia":[{"embeddable":true,"href":"https:\/\/rnoticias.com.mx\/Portal\/wp-json\/wp\/v2\/media\/217838"}],"wp:attachment":[{"href":"https:\/\/rnoticias.com.mx\/Portal\/wp-json\/wp\/v2\/media?parent=217837"}],"wp:term":[{"taxonomy":"category","embeddable":true,"href":"https:\/\/rnoticias.com.mx\/Portal\/wp-json\/wp\/v2\/categories?post=217837"},{"taxonomy":"post_tag","embeddable":true,"href":"https:\/\/rnoticias.com.mx\/Portal\/wp-json\/wp\/v2\/tags?post=217837"}],"curies":[{"name":"wp","href":"https:\/\/api.w.org\/{rel}","templated":true}]}}