{"id":217834,"date":"2025-05-11T20:59:27","date_gmt":"2025-05-12T03:59:27","guid":{"rendered":"https:\/\/rnoticias.com.mx\/Portal\/?p=217834"},"modified":"2025-05-11T20:59:27","modified_gmt":"2025-05-12T03:59:27","slug":"avanza-gobierno-de-sonora-en-el-combate-al-incendio-forestal-en-nacori-chico","status":"publish","type":"post","link":"https:\/\/rnoticias.com.mx\/Portal\/2025\/05\/11\/avanza-gobierno-de-sonora-en-el-combate-al-incendio-forestal-en-nacori-chico\/","title":{"rendered":"Avanza Gobierno de Sonora en el combate al incendio forestal en N\u00e1cori Chico"},"content":{"rendered":"<p>Hermosillo, Sonora; 11 de mayo de 2025.- Un importante avance se logr\u00f3 en el combate al incendio forestal en el municipio de N\u00e1cori Chico, inform\u00f3 la Coordinaci\u00f3n Estatal de Protecci\u00f3n Civil (CEPC), que trabaja de forma conjunta con la Comisi\u00f3n Nacional Forestal (Conafor) y diversas dependencias de los tres niveles de gobierno en ese y otros tres incendios forestales.<\/p>\n<p>En ese incendio, ya se cuenta con un 90 por ciento de control y un 80 por ciento de liquidaci\u00f3n, gracias al trabajo incansable de los brigadistas, quienes desde el 26 de abril han permanecido en la zona.<\/p>\n<p>Por otra parte, en el municipio de Bavispe, en el predio Los Caballos, se tiene un 100 por ciento de control y un 95 por ciento de liquidaci\u00f3n del incendio forestal.<\/p>\n<p>En Y\u00e9cora, en el predio El Llano, se logr\u00f3 un 70 por ciento de control y un 50 por ciento de liquidaci\u00f3n; mientras que en el predio Mesa Grande se alcanz\u00f3 un 45 por ciento de control y un 30 por ciento de liquidaci\u00f3n.<\/p>\n<p>En estos incendios forestales ha sido clave el trabajo de los brigadistas de la Comisi\u00f3n Nacional Forestal (Conafor), la Comisi\u00f3n Nacional de \u00c1reas Naturales Protegidas (Conanp), la Secretar\u00eda de la Defensa Nacional (Defensa), la Guardia Nacional, la Brigada Estatal de Manejo de Fuego de la Sagarhpa y Protecci\u00f3n Civil Sonora, junto con voluntarios.<\/p>\n","protected":false},"excerpt":{"rendered":"<p>Hermosillo, Sonora; 11 de mayo de 2025.- Un importante avance se logr\u00f3 en el combate al incendio forestal en el municipio de N\u00e1cori Chico, inform\u00f3 la Coordinaci\u00f3n Estatal de Protecci\u00f3n Civil (CEPC), que trabaja de forma conjunta con la Comisi\u00f3n Nacional Forestal (Conafor) y diversas dependencias de los tres niveles de gobierno en ese y [&hellip;]<\/p>\n","protected":false},"author":2,"featured_media":217835,"comment_status":"closed","ping_status":"closed","sticky":false,"template":"","format":"standard","meta":{"footnotes":""},"categories":[12870,174],"tags":[12865,12873],"class_list":["post-217834","post","type-post","status-publish","format-standard","has-post-thumbnail","hentry","category-destacadas","category-estatal","tag-destacadas","tag-estatal"],"jetpack_featured_media_url":"https:\/\/rnoticias.com.mx\/Portal\/wp-content\/uploads\/2025\/05\/unnamed-45.jpg","amp_enabled":true,"_links":{"self":[{"href":"https:\/\/rnoticias.com.mx\/Portal\/wp-json\/wp\/v2\/posts\/217834","targetHints":{"allow":["GET"]}}],"collection":[{"href":"https:\/\/rnoticias.com.mx\/Portal\/wp-json\/wp\/v2\/posts"}],"about":[{"href":"https:\/\/rnoticias.com.mx\/Portal\/wp-json\/wp\/v2\/types\/post"}],"author":[{"embeddable":true,"href":"https:\/\/rnoticias.com.mx\/Portal\/wp-json\/wp\/v2\/users\/2"}],"replies":[{"embeddable":true,"href":"https:\/\/rnoticias.com.mx\/Portal\/wp-json\/wp\/v2\/comments?post=217834"}],"version-history":[{"count":1,"href":"https:\/\/rnoticias.com.mx\/Portal\/wp-json\/wp\/v2\/posts\/217834\/revisions"}],"predecessor-version":[{"id":217836,"href":"https:\/\/rnoticias.com.mx\/Portal\/wp-json\/wp\/v2\/posts\/217834\/revisions\/217836"}],"wp:featuredmedia":[{"embeddable":true,"href":"https:\/\/rnoticias.com.mx\/Portal\/wp-json\/wp\/v2\/media\/217835"}],"wp:attachment":[{"href":"https:\/\/rnoticias.com.mx\/Portal\/wp-json\/wp\/v2\/media?parent=217834"}],"wp:term":[{"taxonomy":"category","embeddable":true,"href":"https:\/\/rnoticias.com.mx\/Portal\/wp-json\/wp\/v2\/categories?post=217834"},{"taxonomy":"post_tag","embeddable":true,"href":"https:\/\/rnoticias.com.mx\/Portal\/wp-json\/wp\/v2\/tags?post=217834"}],"curies":[{"name":"wp","href":"https:\/\/api.w.org\/{rel}","templated":true}]}}