{"id":217782,"date":"2025-05-10T11:19:03","date_gmt":"2025-05-10T18:19:03","guid":{"rendered":"https:\/\/rnoticias.com.mx\/Portal\/?p=217782"},"modified":"2025-05-10T11:19:03","modified_gmt":"2025-05-10T18:19:03","slug":"hermosillo-rompe-record-de-temperatura-para-un-9-de-mayo","status":"publish","type":"post","link":"https:\/\/rnoticias.com.mx\/Portal\/2025\/05\/10\/hermosillo-rompe-record-de-temperatura-para-un-9-de-mayo\/","title":{"rendered":"Hermosillo rompe r\u00e9cord de temperatura para un 9 de mayo"},"content":{"rendered":"<p>Hermosillo rompi\u00f3 el\u00a0<strong>r\u00e9cord de temperatura m\u00e1xima\u00a0<\/strong>para un d\u00eda<strong>\u00a09 de mayo\u00a0<\/strong>este viernes, inform\u00f3 el meteor\u00f3logo de\u00a0<strong>Conagua Sonora<\/strong>,\u00a0<strong>Gilberto Lagarda V\u00e1squez<\/strong>.<\/p>\n<p>Este d\u00eda la temperatura m\u00e1xima registrada en el observatorio meteorol\u00f3gico de la capital sonorense fue de<strong>\u00a045\u00b0C<\/strong>, superando la m\u00e1xima hist\u00f3rica de\u00a0<strong>42.5\u00b0C\u00a0<\/strong>para un 9 de mayo, registrada en\u00a0<strong>2009<\/strong>.<\/p>\n<p>El meteor\u00f3logo destac\u00f3 que el r\u00e9cord de<strong>\u00a0temperatura m\u00e1xima hist\u00f3rica de todo mayo<\/strong>\u00a0contin\u00faa siendo la registrada el\u00a0<strong>29 del mes en 1969<\/strong>, cuando Hermosillo alcanz\u00f3\u00a0<strong>46\u00b0C<\/strong>.<\/p>\n<p>Este r\u00e9cord se suma a los reportados el 10 y el 12 de abril, este \u00faltimo superando la\u00a0<strong>m\u00e1xima hist\u00f3rica de todo el mes<\/strong>, que se hab\u00eda mantenido desde 1966.<\/p>\n<p>Con esto, la temporada de calor inici\u00f3\u00a0<strong>intensa\u00a0<\/strong>para el municipio, por lo que las autoridades recomiendan a la ciudadan\u00eda mantenerse hidratada, protegerse de los rayos del sol y acatar las medidas preventivas.<\/p>\n<p>&nbsp;<\/p>\n<p>Expreso Hermosillo<\/p>\n","protected":false},"excerpt":{"rendered":"<p>Hermosillo rompi\u00f3 el\u00a0r\u00e9cord de temperatura m\u00e1xima\u00a0para un d\u00eda\u00a09 de mayo\u00a0este viernes, inform\u00f3 el meteor\u00f3logo de\u00a0Conagua Sonora,\u00a0Gilberto Lagarda V\u00e1squez. Este d\u00eda la temperatura m\u00e1xima registrada en el observatorio meteorol\u00f3gico de la capital sonorense fue de\u00a045\u00b0C, superando la m\u00e1xima hist\u00f3rica de\u00a042.5\u00b0C\u00a0para un 9 de mayo, registrada en\u00a02009. El meteor\u00f3logo destac\u00f3 que el r\u00e9cord de\u00a0temperatura m\u00e1xima hist\u00f3rica de [&hellip;]<\/p>\n","protected":false},"author":2,"featured_media":217783,"comment_status":"closed","ping_status":"closed","sticky":false,"template":"","format":"standard","meta":{"footnotes":""},"categories":[12870,178],"tags":[12865,12869],"class_list":["post-217782","post","type-post","status-publish","format-standard","has-post-thumbnail","hentry","category-destacadas","category-local","tag-destacadas","tag-local"],"jetpack_featured_media_url":"https:\/\/rnoticias.com.mx\/Portal\/wp-content\/uploads\/2025\/05\/termometro-1-1000x600-1.jpg","amp_enabled":true,"_links":{"self":[{"href":"https:\/\/rnoticias.com.mx\/Portal\/wp-json\/wp\/v2\/posts\/217782","targetHints":{"allow":["GET"]}}],"collection":[{"href":"https:\/\/rnoticias.com.mx\/Portal\/wp-json\/wp\/v2\/posts"}],"about":[{"href":"https:\/\/rnoticias.com.mx\/Portal\/wp-json\/wp\/v2\/types\/post"}],"author":[{"embeddable":true,"href":"https:\/\/rnoticias.com.mx\/Portal\/wp-json\/wp\/v2\/users\/2"}],"replies":[{"embeddable":true,"href":"https:\/\/rnoticias.com.mx\/Portal\/wp-json\/wp\/v2\/comments?post=217782"}],"version-history":[{"count":1,"href":"https:\/\/rnoticias.com.mx\/Portal\/wp-json\/wp\/v2\/posts\/217782\/revisions"}],"predecessor-version":[{"id":217784,"href":"https:\/\/rnoticias.com.mx\/Portal\/wp-json\/wp\/v2\/posts\/217782\/revisions\/217784"}],"wp:featuredmedia":[{"embeddable":true,"href":"https:\/\/rnoticias.com.mx\/Portal\/wp-json\/wp\/v2\/media\/217783"}],"wp:attachment":[{"href":"https:\/\/rnoticias.com.mx\/Portal\/wp-json\/wp\/v2\/media?parent=217782"}],"wp:term":[{"taxonomy":"category","embeddable":true,"href":"https:\/\/rnoticias.com.mx\/Portal\/wp-json\/wp\/v2\/categories?post=217782"},{"taxonomy":"post_tag","embeddable":true,"href":"https:\/\/rnoticias.com.mx\/Portal\/wp-json\/wp\/v2\/tags?post=217782"}],"curies":[{"name":"wp","href":"https:\/\/api.w.org\/{rel}","templated":true}]}}