{"id":217773,"date":"2025-05-10T09:36:18","date_gmt":"2025-05-10T16:36:18","guid":{"rendered":"https:\/\/rnoticias.com.mx\/Portal\/?p=217773"},"modified":"2025-05-10T09:36:18","modified_gmt":"2025-05-10T16:36:18","slug":"heil-hitler-la-cancion-de-kanye-west-que-fue-retirada-de-plataformas","status":"publish","type":"post","link":"https:\/\/rnoticias.com.mx\/Portal\/2025\/05\/10\/heil-hitler-la-cancion-de-kanye-west-que-fue-retirada-de-plataformas\/","title":{"rendered":"\u201cHeil Hitler\u201d, la canci\u00f3n de Kanye West que fue retirada de plataformas"},"content":{"rendered":"<p>Poco le dur\u00f3 el gusto a\u00a0<strong>Kanye West\u00a0<\/strong>de promocionar su nuevo sencillo \u201c<strong><em>Heil Hitler<\/em><\/strong>\u201c, una pieza que pronto desat\u00f3 pol\u00e9mica y rechazo por su apolog\u00eda al nazismo.<\/p>\n<p>El rapero, ahora conocido como Ye, realiz\u00f3 transmisiones en vivo esta semana para ofrecer a sus seguidores un adelanto de la composici\u00f3n. Sin embargo, tras su estreno oficial en SoundCloud este jueves, el tema permaneci\u00f3 disponible solo algunos minutos antes de ser retirado de la plataforma.<\/p>\n<p>Otros servicios musicales tampoco la han incorporado a su cat\u00e1logo. En YouTube, por ejemplo, \u00fanicamente se encuentra un video donde el artista aparece en el estudio, componiendo, bailando y trabajando en el tema; mientras que en Spotify circula un cover, pero no la versi\u00f3n original.<\/p>\n<p>Este viernes 9,\u00a0<strong>la canci\u00f3n volvi\u00f3 a aparecer en SoundCloud, aunque esta vez no fue subida por West ni por su equipo, sino por un usuario independiente,<\/strong>\u00a0lo cual ha generado dudas sobre su permanencia. En Apple Music, por su parte, la pista ni siquiera figura.<\/p>\n<p>La situaci\u00f3n, por supuesto, desat\u00f3 la molestia de West, quien lament\u00f3 en la red social X el destino de su trabajo.<\/p>\n<p><strong><em>\u201c\u2018Heil Hitler\u2019<\/em><\/strong>\u00a0de Ye ha sido prohibida en todas las plataformas digitales de streaming\u201d, escribi\u00f3.<\/p>\n<p>Incluso compar\u00f3 su caso con el del compositor estadounidense Randy Newman, cuya canci\u00f3n \u201c<strong><em>Rednecks<\/em><\/strong>\u201d utiliza un insulto racial para satirizar el racismo, y se\u00f1al\u00f3 que esa obra sigue disponible en streaming:\u00a0<strong><em>\u201cLiteralmente est\u00e1n manteniendo a los negr\u2026 abajo\u201d.<\/em><\/strong><\/p>\n<p>En se\u00f1al de rebeld\u00eda, tambi\u00e9n ha difundido publicaciones de su videoclip y las reacciones de sus fan\u00e1ticos.<\/p>\n<p>En la canci\u00f3n, el rapero lanza varias indirectas hacia su exesposa Kim Kardashian, con quien enfrenta problemas por la custodia de los cuatro hijos que comparten: North, de 11 a\u00f1os; Saint, de 9; Chicago, de 7; y Psalm, de 5.<\/p>\n<p><strong><em>\u201cEstas personas me quitaron a mis hijos y congelaron mi cuenta bancaria. Ten\u00eda tanta rabia dentro de m\u00ed..<\/em><\/strong>.\u201d, afirma, se\u00f1alando que los bancos est\u00e1n reteniendo su dinero.<\/p>\n<p>Incluso bromea sobre su consumo de \u00f3xido nitroso:\u00a0<strong><em>\u201cCon todo este dinero y fama, todav\u00eda no puedo recuperar a mis hijos. Con todo este dinero y fama, todav\u00eda no puedo ver a mis hijos\u201d.<\/em><\/strong><\/p>\n<p>En el estribillo, a\u00f1ade:\u00a0<strong><em>\u201cMe convert\u00ed en un nazi, yo soy el villano\u201d<\/em><\/strong>, y al final de la canci\u00f3n se escucha un fragmento de un discurso de Adolf Hitler.<\/p>\n<p>D\u00edas antes, el rapero ya hab\u00eda causado controversia con publicaciones en las que elogiaba al l\u00edder nazi. Su obsesi\u00f3n con el tema fue creciendo desde el 2022, cuando tambi\u00e9n comentaba sobre su odio a los jud\u00edos. En algunas ocasiones ha utilizado playeras con esv\u00e1sticas.<\/p>\n<p>&nbsp;<\/p>\n<p>El Universal<\/p>\n","protected":false},"excerpt":{"rendered":"<p>Poco le dur\u00f3 el gusto a\u00a0Kanye West\u00a0de promocionar su nuevo sencillo \u201cHeil Hitler\u201c, una pieza que pronto desat\u00f3 pol\u00e9mica y rechazo por su apolog\u00eda al nazismo. El rapero, ahora conocido como Ye, realiz\u00f3 transmisiones en vivo esta semana para ofrecer a sus seguidores un adelanto de la composici\u00f3n. Sin embargo, tras su estreno oficial en [&hellip;]<\/p>\n","protected":false},"author":2,"featured_media":217774,"comment_status":"closed","ping_status":"closed","sticky":false,"template":"","format":"standard","meta":{"footnotes":""},"categories":[12870,219],"tags":[12865,12875],"class_list":["post-217773","post","type-post","status-publish","format-standard","has-post-thumbnail","hentry","category-destacadas","category-espectaculos","tag-destacadas","tag-espectaculos"],"jetpack_featured_media_url":"https:\/\/rnoticias.com.mx\/Portal\/wp-content\/uploads\/2025\/05\/Kanye-West-baneado-de-Twitch.jpg","amp_enabled":true,"_links":{"self":[{"href":"https:\/\/rnoticias.com.mx\/Portal\/wp-json\/wp\/v2\/posts\/217773","targetHints":{"allow":["GET"]}}],"collection":[{"href":"https:\/\/rnoticias.com.mx\/Portal\/wp-json\/wp\/v2\/posts"}],"about":[{"href":"https:\/\/rnoticias.com.mx\/Portal\/wp-json\/wp\/v2\/types\/post"}],"author":[{"embeddable":true,"href":"https:\/\/rnoticias.com.mx\/Portal\/wp-json\/wp\/v2\/users\/2"}],"replies":[{"embeddable":true,"href":"https:\/\/rnoticias.com.mx\/Portal\/wp-json\/wp\/v2\/comments?post=217773"}],"version-history":[{"count":1,"href":"https:\/\/rnoticias.com.mx\/Portal\/wp-json\/wp\/v2\/posts\/217773\/revisions"}],"predecessor-version":[{"id":217775,"href":"https:\/\/rnoticias.com.mx\/Portal\/wp-json\/wp\/v2\/posts\/217773\/revisions\/217775"}],"wp:featuredmedia":[{"embeddable":true,"href":"https:\/\/rnoticias.com.mx\/Portal\/wp-json\/wp\/v2\/media\/217774"}],"wp:attachment":[{"href":"https:\/\/rnoticias.com.mx\/Portal\/wp-json\/wp\/v2\/media?parent=217773"}],"wp:term":[{"taxonomy":"category","embeddable":true,"href":"https:\/\/rnoticias.com.mx\/Portal\/wp-json\/wp\/v2\/categories?post=217773"},{"taxonomy":"post_tag","embeddable":true,"href":"https:\/\/rnoticias.com.mx\/Portal\/wp-json\/wp\/v2\/tags?post=217773"}],"curies":[{"name":"wp","href":"https:\/\/api.w.org\/{rel}","templated":true}]}}