{"id":217704,"date":"2025-05-09T18:25:36","date_gmt":"2025-05-10T01:25:36","guid":{"rendered":"https:\/\/rnoticias.com.mx\/Portal\/?p=217704"},"modified":"2025-05-09T18:25:36","modified_gmt":"2025-05-10T01:25:36","slug":"entregaran-medalla-emiliana-de-zubeldia-al-tenor-arturo-chacon-en-fiestas-del-pitic-2025","status":"publish","type":"post","link":"https:\/\/rnoticias.com.mx\/Portal\/2025\/05\/09\/entregaran-medalla-emiliana-de-zubeldia-al-tenor-arturo-chacon-en-fiestas-del-pitic-2025\/","title":{"rendered":"Entregar\u00e1n Medalla Emiliana de Zubeld\u00eda al tenor Arturo Chac\u00f3n en Fiestas del Pitic 2025"},"content":{"rendered":"<p>Hermosillo, Sonora; 9 de mayo, 2025.- Como parte de las Fiestas del Pitic por el 325 aniversario de la fundaci\u00f3n de Hermosillo, el presidente municipal, Antonio Astiazar\u00e1n Guti\u00e9rrez, entregar\u00e1 la Medalla Emiliana de Zubeld\u00eda al destacado tenor sonorense Arturo Chac\u00f3n.<\/p>\n<p>El artista recibir\u00e1 el galard\u00f3n antes del concierto que ofrecer\u00e1 en el escenario de la Plaza Alonso Vidal, el viernes 23 de mayo, a las 20:00 horas, en el que estar\u00e1 acompa\u00f1ado por la Orquesta Filarm\u00f3nica de Sonora, dirigida por el maestro Eduardo Alarc\u00f3n.<\/p>\n<p>Originario de la ciudad de Navojoa es considerado uno de los tenores m\u00e1s destacados de su generaci\u00f3n, debido a que se ha consolidado como un protagonista en los teatros y salas de conciertos de mayor renombre en todo el mundo.<\/p>\n<p>Ha interpretado m\u00e1s de 60 roles en 30 pa\u00edses y ha ofrecido recitales privados para sus Majestades la Reina Sof\u00eda y el Rey Juan Carlos de Espa\u00f1a, as\u00ed como un concierto para todos los l\u00edderes de Iberoam\u00e9rica y su Majestad el Rey Felipe de Espa\u00f1a.<\/p>\n<p>Desde La Scala de Mil\u00e1n hasta el Met de Nueva York, se ha presentado en la mayor\u00eda de los principales medios de noticias y entretenimiento. Adem\u00e1s, destacan sus colaboraciones con directores de cine como Sofia Coppola en \u201cLa Traviata\u201d y con Woody Allen en \u201cGianni Schicchi\u201d, los cuales fueron aclamados internacionalmente con funciones agotadas en Los \u00c1ngeles, Valencia y Roma.<\/p>\n<p>Interpret\u00f3 el papel de Edgardo di Ravenswood en la producci\u00f3n de \u201cLucia di Lammermoor\u201d dirigida por Simon Stone en Los Angeles, Riccardo en \u201cUn Ballo in Maschera\u201d de Verdi en Maryland y Cavaradossi en \u201cTosca\u201d con la \u00d3pera Gran Florida en Miami y Fort Lauderdale.<\/p>\n<p>Pr\u00f3ximamente estar\u00e1 en concierto en el Gran Teatro de Orange en Francia, en el Teatro Col\u00f3n de Buenos Aires, en la Arena de Verona, as\u00ed como en la Ciudad de M\u00e9xico y en Hermosillo en las Fiestas del Pitic 2025.<\/p>\n","protected":false},"excerpt":{"rendered":"<p>Hermosillo, Sonora; 9 de mayo, 2025.- Como parte de las Fiestas del Pitic por el 325 aniversario de la fundaci\u00f3n de Hermosillo, el presidente municipal, Antonio Astiazar\u00e1n Guti\u00e9rrez, entregar\u00e1 la Medalla Emiliana de Zubeld\u00eda al destacado tenor sonorense Arturo Chac\u00f3n. El artista recibir\u00e1 el galard\u00f3n antes del concierto que ofrecer\u00e1 en el escenario de la [&hellip;]<\/p>\n","protected":false},"author":2,"featured_media":217705,"comment_status":"closed","ping_status":"closed","sticky":false,"template":"","format":"standard","meta":{"footnotes":""},"categories":[12870,178],"tags":[12865,12869],"class_list":["post-217704","post","type-post","status-publish","format-standard","has-post-thumbnail","hentry","category-destacadas","category-local","tag-destacadas","tag-local"],"jetpack_featured_media_url":"https:\/\/rnoticias.com.mx\/Portal\/wp-content\/uploads\/2025\/05\/Entregaran-Medalla-Emiliana-de-Zubeldia-al-tenor-Arturo-Chacon-en-Fiestas-del-Pitic-2025.jpeg","amp_enabled":true,"_links":{"self":[{"href":"https:\/\/rnoticias.com.mx\/Portal\/wp-json\/wp\/v2\/posts\/217704","targetHints":{"allow":["GET"]}}],"collection":[{"href":"https:\/\/rnoticias.com.mx\/Portal\/wp-json\/wp\/v2\/posts"}],"about":[{"href":"https:\/\/rnoticias.com.mx\/Portal\/wp-json\/wp\/v2\/types\/post"}],"author":[{"embeddable":true,"href":"https:\/\/rnoticias.com.mx\/Portal\/wp-json\/wp\/v2\/users\/2"}],"replies":[{"embeddable":true,"href":"https:\/\/rnoticias.com.mx\/Portal\/wp-json\/wp\/v2\/comments?post=217704"}],"version-history":[{"count":1,"href":"https:\/\/rnoticias.com.mx\/Portal\/wp-json\/wp\/v2\/posts\/217704\/revisions"}],"predecessor-version":[{"id":217706,"href":"https:\/\/rnoticias.com.mx\/Portal\/wp-json\/wp\/v2\/posts\/217704\/revisions\/217706"}],"wp:featuredmedia":[{"embeddable":true,"href":"https:\/\/rnoticias.com.mx\/Portal\/wp-json\/wp\/v2\/media\/217705"}],"wp:attachment":[{"href":"https:\/\/rnoticias.com.mx\/Portal\/wp-json\/wp\/v2\/media?parent=217704"}],"wp:term":[{"taxonomy":"category","embeddable":true,"href":"https:\/\/rnoticias.com.mx\/Portal\/wp-json\/wp\/v2\/categories?post=217704"},{"taxonomy":"post_tag","embeddable":true,"href":"https:\/\/rnoticias.com.mx\/Portal\/wp-json\/wp\/v2\/tags?post=217704"}],"curies":[{"name":"wp","href":"https:\/\/api.w.org\/{rel}","templated":true}]}}