{"id":217701,"date":"2025-05-09T17:34:47","date_gmt":"2025-05-10T00:34:47","guid":{"rendered":"https:\/\/rnoticias.com.mx\/Portal\/?p=217701"},"modified":"2025-05-09T17:34:47","modified_gmt":"2025-05-10T00:34:47","slug":"destinara-sader-recursos-para-el-campo-sonorense","status":"publish","type":"post","link":"https:\/\/rnoticias.com.mx\/Portal\/2025\/05\/09\/destinara-sader-recursos-para-el-campo-sonorense\/","title":{"rendered":"Destinar\u00e1 Sader recursos para el campo sonorense"},"content":{"rendered":"<p>La Secretar\u00eda de Agricultura y Desarrollo Rural (Sader) en Sonora, dio a conocer que inici\u00f3 con un programa de rastreo y est\u00edmulos al c\u00e1rtamo con productores sonorenses y el cual entregar\u00e1 5 mil pesos por hect\u00e1rea.<\/p>\n<p>&nbsp;<\/p>\n<p>Juan Manuel Gonz\u00e1lez Alvarado, delegado de la Sader en Sonora, explic\u00f3 que con la puesta en marcha de ese programa federal de rastreo fitosanitario y otro de apoyo al cultivo de c\u00e1rtamo, ser\u00e1n de gran ayuda para seguir impulsando el campo en el estado.<\/p>\n<p>&nbsp;<\/p>\n<p><strong>\u00a0\u201cYa tenemos la mec\u00e1nica operativa, pero estamos esperando nos avisen cuando llegar\u00eda el recurso, estamos a la espera del recurso en dos sentidos, el primero en el programa de rastreo fitosanitario y el segundo para el apoyo al c\u00e1rtamo a todos aquellos compa\u00f1eros que tuvieron la oportunidad de entrar en acci\u00f3n con este programa especial que autoriz\u00f3 la presidenta de M\u00e9xico\u201d, coment\u00f3.<\/strong><\/p>\n<p>&nbsp;<\/p>\n<p>Detall\u00f3, que actualmente la dependencia a su cargo tiene un registro de 15 mil hect\u00e1reas registradas para esos programas y a los beneficiarios se les har\u00e1 entrega personalmente de un recurso de 5 mil pesos por hect\u00e1rea.<\/p>\n<p>&nbsp;<\/p>\n<p>Precis\u00f3 adem\u00e1s, que esos programas buscan atender a productores sonorenses que apostaron por cultivos con menor demanda de agua y ante ello el gobierno federal les entregar\u00e1 recursos directos que les ayuden a fortalecer su productividad y sostenibilidad en un corto plazo.<\/p>\n<p>&nbsp;<\/p>\n","protected":false},"excerpt":{"rendered":"<p>La Secretar\u00eda de Agricultura y Desarrollo Rural (Sader) en Sonora, dio a conocer que inici\u00f3 con un programa de rastreo y est\u00edmulos al c\u00e1rtamo con productores sonorenses y el cual entregar\u00e1 5 mil pesos por hect\u00e1rea. &nbsp; Juan Manuel Gonz\u00e1lez Alvarado, delegado de la Sader en Sonora, explic\u00f3 que con la puesta en marcha de [&hellip;]<\/p>\n","protected":false},"author":2,"featured_media":217702,"comment_status":"closed","ping_status":"closed","sticky":false,"template":"","format":"standard","meta":{"footnotes":""},"categories":[12870,174],"tags":[12865,12873],"class_list":["post-217701","post","type-post","status-publish","format-standard","has-post-thumbnail","hentry","category-destacadas","category-estatal","tag-destacadas","tag-estatal"],"jetpack_featured_media_url":"https:\/\/rnoticias.com.mx\/Portal\/wp-content\/uploads\/2025\/05\/image-3.webp","amp_enabled":true,"_links":{"self":[{"href":"https:\/\/rnoticias.com.mx\/Portal\/wp-json\/wp\/v2\/posts\/217701","targetHints":{"allow":["GET"]}}],"collection":[{"href":"https:\/\/rnoticias.com.mx\/Portal\/wp-json\/wp\/v2\/posts"}],"about":[{"href":"https:\/\/rnoticias.com.mx\/Portal\/wp-json\/wp\/v2\/types\/post"}],"author":[{"embeddable":true,"href":"https:\/\/rnoticias.com.mx\/Portal\/wp-json\/wp\/v2\/users\/2"}],"replies":[{"embeddable":true,"href":"https:\/\/rnoticias.com.mx\/Portal\/wp-json\/wp\/v2\/comments?post=217701"}],"version-history":[{"count":1,"href":"https:\/\/rnoticias.com.mx\/Portal\/wp-json\/wp\/v2\/posts\/217701\/revisions"}],"predecessor-version":[{"id":217703,"href":"https:\/\/rnoticias.com.mx\/Portal\/wp-json\/wp\/v2\/posts\/217701\/revisions\/217703"}],"wp:featuredmedia":[{"embeddable":true,"href":"https:\/\/rnoticias.com.mx\/Portal\/wp-json\/wp\/v2\/media\/217702"}],"wp:attachment":[{"href":"https:\/\/rnoticias.com.mx\/Portal\/wp-json\/wp\/v2\/media?parent=217701"}],"wp:term":[{"taxonomy":"category","embeddable":true,"href":"https:\/\/rnoticias.com.mx\/Portal\/wp-json\/wp\/v2\/categories?post=217701"},{"taxonomy":"post_tag","embeddable":true,"href":"https:\/\/rnoticias.com.mx\/Portal\/wp-json\/wp\/v2\/tags?post=217701"}],"curies":[{"name":"wp","href":"https:\/\/api.w.org\/{rel}","templated":true}]}}