{"id":217518,"date":"2025-05-09T01:51:01","date_gmt":"2025-05-09T01:51:01","guid":{"rendered":"https:\/\/rnoticias.com.mx\/Portal\/?p=217518"},"modified":"2025-05-09T01:51:01","modified_gmt":"2025-05-09T01:51:01","slug":"inician-las-rutas-culturales-rumbo-a-las-fiestas-del-pitic-2025","status":"publish","type":"post","link":"https:\/\/rnoticias.com.mx\/Portal\/2025\/05\/09\/inician-las-rutas-culturales-rumbo-a-las-fiestas-del-pitic-2025\/","title":{"rendered":"Inician las Rutas Culturales rumbo a las Fiestas del Pitic 2025"},"content":{"rendered":"<p><b data-olk-copy-source=\"MessageBody\">Hermosillo, Sonora; 8 de mayo, 2025.-<\/b>\u00a0En Hermosillo iniciaron las Rutas Culturales rumbo a las Fiestas del Pitic que el Ayuntamiento de Hermosillo realiza del 7 al 17 de mayo con artistas hermosillenses en la zona urbana y rural del municipio.<\/p>\n<p aria-hidden=\"true\">\n<p>Las actividades iniciaron este mi\u00e9rcoles 7 en la Plaza de la Candelaria en la colonia Villa de Seris, donde vecinas y vecinos disfrutaron de la presentaci\u00f3n del Ballet Folcl\u00f3rico Semalulukut con el programa \u201cM\u00e9xico M\u00e1gico 7\u201d, quienes est\u00e1n celebrando su d\u00e9cimo aniversario.<\/p>\n<p aria-hidden=\"true\">\n<p>El programa tambi\u00e9n incluy\u00f3 la participaci\u00f3n del grupo Coincidencias con el concierto \u201cEntre boleros y romances modernos\u201d, un viaje por los principales temas y compositores de estos g\u00e9neros.<\/p>\n<p aria-hidden=\"true\">\n<p>Por su parte, el cantante Jaime Fragoso present\u00f3 \u201cEl tiempo es altanero\u201d, donde incluy\u00f3 \u00e9xitos musicales y composiciones de su autor\u00eda.<\/p>\n<p aria-hidden=\"true\">\n<p>Marianna Gonz\u00e1lez Gast\u00e9lum, directora del Instituto Municipal de Cultura y Arte (IMCA) invit\u00f3 a disfrutar de manera gratuita las expresiones art\u00edsticas del programa de las Rutas Culturales que se realizar\u00e1n del 7 al 17 de mayo en las colonias y zona rural de Hermosillo.<\/p>\n<p aria-hidden=\"true\">\n<p>Las Rutas Culturales tienen como objetivo realizar actividades art\u00edsticas y culturales en colonias y la zona rural de Hermosillo como una celebraci\u00f3n previa a la conmemoraci\u00f3n del aniversario de la fundaci\u00f3n de Hermosillo, a trav\u00e9s de las Fiestas del Pitic 2025, donde honramos nuestra historia e identidad como hermosillenses.<\/p>\n<p aria-hidden=\"true\">\n<p>Las Rutas Culturales llegar\u00e1n a las colonias: Villa de Seris, Los Olivos, Lomas de Madrid, Modelo; Ejido La Victoria y Bah\u00eda de Kino.<\/p>\n<p aria-hidden=\"true\">\n<p>El Gobierno Municipal invita a seguir las redes @imcahermosillo en X e Instagram e IMCA Hermosillo en Facebook para conocer m\u00e1s sobre el programa de Rutas Culturales y pr\u00f3ximas ubicaciones.<\/p>\n<p aria-hidden=\"true\">\n<p aria-hidden=\"true\">\n<p><b>PROGRAMA<\/b><\/p>\n<p aria-hidden=\"true\">\n<p>Viernes 09<\/p>\n<p>Ejido La Victoria<\/p>\n<p>Kiosco Parque La Victoria<\/p>\n<p>Calle Benjamina esq. Av. Edmundo Astiazar\u00e1n<\/p>\n<p aria-hidden=\"true\">\n<p>18:00 horas<\/p>\n<p>Obra de teatro B612<\/p>\n<p>Andamios Teatro<\/p>\n<p aria-hidden=\"true\">\n<p>19:00 horas<\/p>\n<p>Baladas y boleros<\/p>\n<p>Miguel Castillo<\/p>\n<p aria-hidden=\"true\">\n<p>Mi\u00e9rcoles 14<\/p>\n<p>Colonia Lomas de Madrid<\/p>\n<p>Parque Lomas de Madrid<\/p>\n<p>(\u00c1rea del Teatro)<\/p>\n<p>C. Divisaderos, esq. Monteverde<\/p>\n<p aria-hidden=\"true\">\n<p>19:00 horas<\/p>\n<p>M\u00fasica de rondalla con voces infantiles<\/p>\n<p>Rondalla del Colegio Americano del Pac\u00edfico<\/p>\n<p aria-hidden=\"true\">\n<p>20:00 horas<\/p>\n<p>De Sinatra al bolero<\/p>\n<p>Carlos Mario y el cuarteto de jazz La Merma Jamm<\/p>\n<p aria-hidden=\"true\">\n<p>Jueves 15<\/p>\n<p>Colonia Los Olivos<\/p>\n<p>Parque Escorpi\u00f3n Dorado<\/p>\n<p>C. Rinc\u00f3n de la grulla esq. Escorpi\u00f3n Dorado s\/n<\/p>\n<p aria-hidden=\"true\">\n<p>18:00 horas<\/p>\n<p>Fiesta del Jard\u00edn<\/p>\n<p>Malagana<\/p>\n<p aria-hidden=\"true\">\n<p>19:00 horas<\/p>\n<p>Akademie M\u00fasica Viva<\/p>\n<p>Ensamble de la Universidad Kino<\/p>\n<p aria-hidden=\"true\">\n<p>Viernes 16<\/p>\n<p>Colonia Modelo<\/p>\n<p>Plaza Tutuli<\/p>\n<p>Calle Garmendia esq. Tabasco s\/n<\/p>\n<p aria-hidden=\"true\">\n<p>18:00 horas<\/p>\n<p>Sonora, ayer y hoy<\/p>\n<p>Quasi Quinteto<\/p>\n<p aria-hidden=\"true\">\n<p>19:00 horas<\/p>\n<p>Rondalla Ayer y Hoy<\/p>\n<p>Casa Club del Jubilado y Pensionado del ISSSTESON<\/p>\n<p aria-hidden=\"true\">\n<p>20:00 horas<\/p>\n<p>Son y tradici\u00f3n, un viaje de folklor<\/p>\n<p>Grupo de danza Wiikit<\/p>\n<p aria-hidden=\"true\">\n<p>S\u00e1bado 17<\/p>\n<p>Bah\u00eda de Kino<\/p>\n<p>Muelle<\/p>\n<p>Bulevar Francisco Eusebio Kino s\/n<\/p>\n<p aria-hidden=\"true\">\n<p>18:00 horas<\/p>\n<p>Taller de Acuarela \/ Pintura en caballete<\/p>\n<p>Imparte: Bibliotecaria Rosa Isela Verdugo<\/p>\n<p>Biblioteca P\u00fablica Municipal \u201cEldon Heaston\u201d<\/p>\n<p aria-hidden=\"true\">\n<p>19:00 horas<\/p>\n<p>Rock en espa\u00f1ol<\/p>\n<p>The Joker\u00b4s Band<\/p>\n<p aria-hidden=\"true\">\n","protected":false},"excerpt":{"rendered":"<p>Hermosillo, Sonora; 8 de mayo, 2025.-\u00a0En Hermosillo iniciaron las Rutas Culturales rumbo a las Fiestas del Pitic que el Ayuntamiento de Hermosillo realiza del 7 al 17 de mayo con artistas hermosillenses en la zona urbana y rural del municipio. Las actividades iniciaron este mi\u00e9rcoles 7 en la Plaza de la Candelaria en la colonia [&hellip;]<\/p>\n","protected":false},"author":2,"featured_media":217519,"comment_status":"closed","ping_status":"closed","sticky":false,"template":"","format":"standard","meta":{"footnotes":""},"categories":[12870,178],"tags":[12865,12869],"class_list":["post-217518","post","type-post","status-publish","format-standard","has-post-thumbnail","hentry","category-destacadas","category-local","tag-destacadas","tag-local"],"jetpack_featured_media_url":"https:\/\/rnoticias.com.mx\/Portal\/wp-content\/uploads\/2025\/05\/Inician-las-Rutas-Culturales-rumbo-a-las-Fiestas-del-Pitic2.jpg","amp_enabled":true,"_links":{"self":[{"href":"https:\/\/rnoticias.com.mx\/Portal\/wp-json\/wp\/v2\/posts\/217518","targetHints":{"allow":["GET"]}}],"collection":[{"href":"https:\/\/rnoticias.com.mx\/Portal\/wp-json\/wp\/v2\/posts"}],"about":[{"href":"https:\/\/rnoticias.com.mx\/Portal\/wp-json\/wp\/v2\/types\/post"}],"author":[{"embeddable":true,"href":"https:\/\/rnoticias.com.mx\/Portal\/wp-json\/wp\/v2\/users\/2"}],"replies":[{"embeddable":true,"href":"https:\/\/rnoticias.com.mx\/Portal\/wp-json\/wp\/v2\/comments?post=217518"}],"version-history":[{"count":1,"href":"https:\/\/rnoticias.com.mx\/Portal\/wp-json\/wp\/v2\/posts\/217518\/revisions"}],"predecessor-version":[{"id":217520,"href":"https:\/\/rnoticias.com.mx\/Portal\/wp-json\/wp\/v2\/posts\/217518\/revisions\/217520"}],"wp:featuredmedia":[{"embeddable":true,"href":"https:\/\/rnoticias.com.mx\/Portal\/wp-json\/wp\/v2\/media\/217519"}],"wp:attachment":[{"href":"https:\/\/rnoticias.com.mx\/Portal\/wp-json\/wp\/v2\/media?parent=217518"}],"wp:term":[{"taxonomy":"category","embeddable":true,"href":"https:\/\/rnoticias.com.mx\/Portal\/wp-json\/wp\/v2\/categories?post=217518"},{"taxonomy":"post_tag","embeddable":true,"href":"https:\/\/rnoticias.com.mx\/Portal\/wp-json\/wp\/v2\/tags?post=217518"}],"curies":[{"name":"wp","href":"https:\/\/api.w.org\/{rel}","templated":true}]}}