{"id":217509,"date":"2025-05-08T23:48:40","date_gmt":"2025-05-08T23:48:40","guid":{"rendered":"https:\/\/rnoticias.com.mx\/Portal\/?p=217509"},"modified":"2025-05-08T23:48:40","modified_gmt":"2025-05-08T23:48:40","slug":"canaco-hermosillo-preve-aumento-de-ventas-por-10-de-mayo-en-mas-del-50","status":"publish","type":"post","link":"https:\/\/rnoticias.com.mx\/Portal\/2025\/05\/08\/canaco-hermosillo-preve-aumento-de-ventas-por-10-de-mayo-en-mas-del-50\/","title":{"rendered":"Canaco Hermosillo prev\u00e9 aumento de ventas por 10 de mayo en m\u00e1s del 50%"},"content":{"rendered":"<p>Existe confianza de parte del comercio formal en Hermosillo de poder obtener ganancias significativas por el festejo del D\u00eda de las Madres.<\/p>\n<p>&nbsp;<\/p>\n<p>Javier Moreno, presidente de Canaco Hermosillo, manifest\u00f3 que el comercio establecido se encuentra preparado para atender la demanda de la ciudadan\u00eda que va a celebrar de una u otra forma a las mam\u00e1s en su d\u00eda.<\/p>\n<p><strong>\u00a0<\/strong><\/p>\n<p><strong>&#8220;Normalmente los comercios si andan muy bien en estas fechas, la gente se prepara y muchas veces repuntan de un d\u00eda normal siempre se genera a lo mejor hasta m\u00e1s de un 50 por ciento en estas fechas en las ventas&#8221;, afirm\u00f3.<\/strong><\/p>\n<p><strong>\u00a0<\/strong><\/p>\n<p>Agreg\u00f3, que sin lugar a dudas los restaurantes son los sitios que m\u00e1s afluencia de personas se tendr\u00e1 por la obviedad de la fecha e igualmente los comercios, tiendas de ropa, zapatos y las florer\u00edas.<\/p>\n<p>&nbsp;<\/p>\n<p>Finalmente, el empresario local alent\u00f3 a los m\u00e1s de 800 afiliados a esa c\u00e1mara a estar a la altura de la fecha con art\u00edculos, precios y calidad en su servicio.<\/p>\n<p><strong>\u00a0<\/strong><\/p>\n","protected":false},"excerpt":{"rendered":"<p>Existe confianza de parte del comercio formal en Hermosillo de poder obtener ganancias significativas por el festejo del D\u00eda de las Madres. &nbsp; Javier Moreno, presidente de Canaco Hermosillo, manifest\u00f3 que el comercio establecido se encuentra preparado para atender la demanda de la ciudadan\u00eda que va a celebrar de una u otra forma a las [&hellip;]<\/p>\n","protected":false},"author":2,"featured_media":217510,"comment_status":"closed","ping_status":"closed","sticky":false,"template":"","format":"standard","meta":{"footnotes":""},"categories":[12870,178],"tags":[12865,12869],"class_list":["post-217509","post","type-post","status-publish","format-standard","has-post-thumbnail","hentry","category-destacadas","category-local","tag-destacadas","tag-local"],"jetpack_featured_media_url":"https:\/\/rnoticias.com.mx\/Portal\/wp-content\/uploads\/2025\/05\/FESTEJO.jpeg","amp_enabled":true,"_links":{"self":[{"href":"https:\/\/rnoticias.com.mx\/Portal\/wp-json\/wp\/v2\/posts\/217509","targetHints":{"allow":["GET"]}}],"collection":[{"href":"https:\/\/rnoticias.com.mx\/Portal\/wp-json\/wp\/v2\/posts"}],"about":[{"href":"https:\/\/rnoticias.com.mx\/Portal\/wp-json\/wp\/v2\/types\/post"}],"author":[{"embeddable":true,"href":"https:\/\/rnoticias.com.mx\/Portal\/wp-json\/wp\/v2\/users\/2"}],"replies":[{"embeddable":true,"href":"https:\/\/rnoticias.com.mx\/Portal\/wp-json\/wp\/v2\/comments?post=217509"}],"version-history":[{"count":1,"href":"https:\/\/rnoticias.com.mx\/Portal\/wp-json\/wp\/v2\/posts\/217509\/revisions"}],"predecessor-version":[{"id":217511,"href":"https:\/\/rnoticias.com.mx\/Portal\/wp-json\/wp\/v2\/posts\/217509\/revisions\/217511"}],"wp:featuredmedia":[{"embeddable":true,"href":"https:\/\/rnoticias.com.mx\/Portal\/wp-json\/wp\/v2\/media\/217510"}],"wp:attachment":[{"href":"https:\/\/rnoticias.com.mx\/Portal\/wp-json\/wp\/v2\/media?parent=217509"}],"wp:term":[{"taxonomy":"category","embeddable":true,"href":"https:\/\/rnoticias.com.mx\/Portal\/wp-json\/wp\/v2\/categories?post=217509"},{"taxonomy":"post_tag","embeddable":true,"href":"https:\/\/rnoticias.com.mx\/Portal\/wp-json\/wp\/v2\/tags?post=217509"}],"curies":[{"name":"wp","href":"https:\/\/api.w.org\/{rel}","templated":true}]}}