{"id":217506,"date":"2025-05-08T23:21:04","date_gmt":"2025-05-08T23:21:04","guid":{"rendered":"https:\/\/rnoticias.com.mx\/Portal\/?p=217506"},"modified":"2025-05-08T23:21:04","modified_gmt":"2025-05-08T23:21:04","slug":"exhorta-gobierno-de-sonora-a-cuidarse-de-los-cambios-de-temperatura","status":"publish","type":"post","link":"https:\/\/rnoticias.com.mx\/Portal\/2025\/05\/08\/exhorta-gobierno-de-sonora-a-cuidarse-de-los-cambios-de-temperatura\/","title":{"rendered":"Exhorta Gobierno de Sonora a cuidarse de los cambios de temperatura"},"content":{"rendered":"<p>Hermosillo, Sonora; 8 de mayo de 2025.- Un alza en las temperaturas se pronostica para este fin de semana en diversas regiones del estado; sin embargo, este repunte ser\u00e1 temporal, ya que se esperan nublados y un ligero descenso en las temperaturas m\u00e1ximas al inicio de la pr\u00f3xima semana.<\/p>\n<p>Durante hoy y el fin de semana, se prev\u00e9 un ambiente caluroso a muy caluroso, con temperaturas diurnas que oscilar\u00e1n entre los 35 y 43 \u00b0C en zonas del noroeste, norte, centro, oriente y sur de Sonora, con posibilidad de valores m\u00e1s altos en puntos espec\u00edficos.<\/p>\n<p>Se mantendr\u00e1n condiciones estables dando paso a cielos mayormente despejados sin probabilidad de lluvia durante el fin de semana.<\/p>\n<p>Tras este fin de semana caluroso y al iniciar la pr\u00f3xima semana, se pronostica el ingreso de nublados que ayudar\u00e1n a mitigar el calor, normalizando las temperaturas por debajo de los 36\u202f\u00b0C.<\/p>\n<p>Se recomienda a la poblaci\u00f3n tomar precauciones: utilizar protector solar, portar gorra o sombrero, vestir ropa clara y holgada, mantenerse bien hidratado y evitar exposiciones prolongadas al sol. En caso de emergencia, llamar al 9-1-1.<\/p>\n<p>A continuaci\u00f3n, los valores de temperaturas que se espera, en las diferentes regiones del estado.<\/p>\n<p>Noroeste (San Luis R\u00edo Colorado, Puerto Pe\u00f1asco, Caborca)<\/p>\n<p>\u2022 Jueves 8 de mayo: Soleado, m\u00e1x. 36\u202f\u00b0C \/ m\u00edn. 20\u202f\u00b0C<\/p>\n<p>\u2022 Viernes 9 de mayo: Muy caluroso, m\u00e1x. 40\u202f\u00b0C \/ m\u00edn. 23\u202f\u00b0C<\/p>\n<p>\u2022 S\u00e1bado 10 de mayo: Muy caluroso, m\u00e1x. 42\u202f\u00b0C \/ m\u00edn. 24\u202f\u00b0C<\/p>\n<p>Norte (Nogales, \u00cdmuris, Santa Ana)<\/p>\n<p>\u2022 Jueves 8 de mayo: Soleado, m\u00e1x. 31\u202f\u00b0C \/ m\u00edn. 13\u202f\u00b0C<\/p>\n<p>\u2022 Viernes 9 de mayo: Brumoso, m\u00e1x. 33\u202f\u00b0C \/ m\u00edn. 17\u202f\u00b0C<\/p>\n<p>\u2022 S\u00e1bado 10 de mayo: Brumoso, m\u00e1x. 33\u202f\u00b0C \/ m\u00edn. 16\u202f\u00b0C<\/p>\n<p>Este (Sahuaripa, Y\u00e9cora, Arivechi)<\/p>\n<p>\u2022 Jueves 8 de mayo: Soleado, m\u00e1x. 20\u202f\u00b0C \/ m\u00edn. 13\u202f\u00b0C<\/p>\n<p>\u2022 Viernes 9 de mayo: Soleado, m\u00e1x. 24\u202f\u00b0C \/ m\u00edn. 14\u202f\u00b0C<\/p>\n<p>\u2022 S\u00e1bado 10 de mayo: Nubosidad en aumento, m\u00e1x. 24\u202f\u00b0C \/ m\u00edn. 14\u202f\u00b0C<\/p>\n<p>Noreste (Agua Prieta, Nacozari, Cumpas)<\/p>\n<p>\u2022 Jueves 8 de mayo: Soleado, m\u00e1x. 34\u202f\u00b0C \/ m\u00edn. 15\u202f\u00b0C<\/p>\n<p>\u2022 Viernes 9 de mayo: Soleado, m\u00e1x. 37\u202f\u00b0C \/ m\u00edn. 21\u202f\u00b0C<\/p>\n<p>\u2022 S\u00e1bado 10 de mayo: Soleado, m\u00e1x. 36\u202f\u00b0C \/ m\u00edn. 18\u202f\u00b0C<\/p>\n<p>Centro (Hermosillo, Ures, Mazat\u00e1n, La Colorada)<\/p>\n<p>\u2022 Jueves 8 de mayo: Soleado, m\u00e1x. 38\u202f\u00b0C \/ m\u00edn. 19\u202f\u00b0C<\/p>\n<p>\u2022 Viernes 9 de mayo: Muy caluroso, m\u00e1x. 43\u202f\u00b0C \/ m\u00edn. 26\u202f\u00b0C<\/p>\n<p>\u2022 S\u00e1bado 10 de mayo: Muy caluroso, m\u00e1x. 42\u202f\u00b0C \/ m\u00edn. 25\u202f\u00b0C<\/p>\n<p>Sur (Guaymas, Cajeme, Navojoa)<\/p>\n<p>\u2022 Jueves 8 de mayo: Soleado, m\u00e1x. 36\u202f\u00b0C \/ m\u00edn. 22\u202f\u00b0C<\/p>\n<p>\u2022 Viernes 9 de mayo: Soleado, m\u00e1x. 40\u202f\u00b0C \/ m\u00edn. 24\u202f\u00b0C<\/p>\n<p>\u2022 S\u00e1bado 10 de mayo: Soleado, m\u00e1x. 42\u202f\u00b0C \/ m\u00edn. 23\u202f\u00b0C<\/p>\n","protected":false},"excerpt":{"rendered":"<p>Hermosillo, Sonora; 8 de mayo de 2025.- Un alza en las temperaturas se pronostica para este fin de semana en diversas regiones del estado; sin embargo, este repunte ser\u00e1 temporal, ya que se esperan nublados y un ligero descenso en las temperaturas m\u00e1ximas al inicio de la pr\u00f3xima semana. Durante hoy y el fin de [&hellip;]<\/p>\n","protected":false},"author":2,"featured_media":217507,"comment_status":"closed","ping_status":"closed","sticky":false,"template":"","format":"standard","meta":{"footnotes":""},"categories":[12870,178],"tags":[12865,12869],"class_list":["post-217506","post","type-post","status-publish","format-standard","has-post-thumbnail","hentry","category-destacadas","category-local","tag-destacadas","tag-local"],"jetpack_featured_media_url":"https:\/\/rnoticias.com.mx\/Portal\/wp-content\/uploads\/2025\/05\/unnamed-34.jpg","amp_enabled":true,"_links":{"self":[{"href":"https:\/\/rnoticias.com.mx\/Portal\/wp-json\/wp\/v2\/posts\/217506","targetHints":{"allow":["GET"]}}],"collection":[{"href":"https:\/\/rnoticias.com.mx\/Portal\/wp-json\/wp\/v2\/posts"}],"about":[{"href":"https:\/\/rnoticias.com.mx\/Portal\/wp-json\/wp\/v2\/types\/post"}],"author":[{"embeddable":true,"href":"https:\/\/rnoticias.com.mx\/Portal\/wp-json\/wp\/v2\/users\/2"}],"replies":[{"embeddable":true,"href":"https:\/\/rnoticias.com.mx\/Portal\/wp-json\/wp\/v2\/comments?post=217506"}],"version-history":[{"count":1,"href":"https:\/\/rnoticias.com.mx\/Portal\/wp-json\/wp\/v2\/posts\/217506\/revisions"}],"predecessor-version":[{"id":217508,"href":"https:\/\/rnoticias.com.mx\/Portal\/wp-json\/wp\/v2\/posts\/217506\/revisions\/217508"}],"wp:featuredmedia":[{"embeddable":true,"href":"https:\/\/rnoticias.com.mx\/Portal\/wp-json\/wp\/v2\/media\/217507"}],"wp:attachment":[{"href":"https:\/\/rnoticias.com.mx\/Portal\/wp-json\/wp\/v2\/media?parent=217506"}],"wp:term":[{"taxonomy":"category","embeddable":true,"href":"https:\/\/rnoticias.com.mx\/Portal\/wp-json\/wp\/v2\/categories?post=217506"},{"taxonomy":"post_tag","embeddable":true,"href":"https:\/\/rnoticias.com.mx\/Portal\/wp-json\/wp\/v2\/tags?post=217506"}],"curies":[{"name":"wp","href":"https:\/\/api.w.org\/{rel}","templated":true}]}}