{"id":217496,"date":"2025-05-08T23:15:41","date_gmt":"2025-05-08T23:15:41","guid":{"rendered":"https:\/\/rnoticias.com.mx\/Portal\/?p=217496"},"modified":"2025-05-08T23:15:41","modified_gmt":"2025-05-08T23:15:41","slug":"colapsa-escenario-en-explanada-de-cdmx","status":"publish","type":"post","link":"https:\/\/rnoticias.com.mx\/Portal\/2025\/05\/08\/colapsa-escenario-en-explanada-de-cdmx\/","title":{"rendered":"Colapsa escenario en explanada de CDMX"},"content":{"rendered":"<p>La tarde de este\u00a0mi\u00e9rcoles\u00a0<strong>un escenario colaps\u00f3 en la explanada ubicada en la calle Vicente Villada, en la alcald\u00eda Gustavo A. Madero<\/strong>, Ciudad de M\u00e9xico. La estructura se vino abajo momentos antes de un evento programado para celebrar el D\u00eda de las Madres, dejando varias personas atrapadas debajo de los escombros. De inmediato, cuerpos de emergencia como el Escuadr\u00f3n de Rescate y Urgencias M\u00e9dicas (ERUM), Cruz Roja y Protecci\u00f3n Civil acudieron al lugar para atender la situaci\u00f3n.<\/p>\n<p>Seg\u00fan los reportes preliminares,\u00a0el evento previsto era un concierto gratuito del grupo musical Grandiosas, integrado por Alicia Villarreal, Ana Cirr\u00e9 y \u00c1ngela Carrasco. La presentaci\u00f3n estaba programada para las 18:00 horas y formaba parte de las celebraciones oficiales por el 10 de mayo en la demarcaci\u00f3n. El incidente ocurri\u00f3 antes de que iniciara el espect\u00e1culo, cuando a\u00fan se realizaban preparativos.<\/p>\n<p>Los equipos de rescate contin\u00faan laborando en la zona para asegurar que no haya personas atrapadas entre los restos del escenario. Hasta ahora,\u00a0<strong>se ha informado que siete personas resultaron heridas<\/strong>, de las cuales dos presentan lesiones de consideraci\u00f3n. Elementos de Protecci\u00f3n Civil y servicios m\u00e9dicos siguen en el lugar brindando apoyo.<\/p>\n<p>Usuarios en redes sociales difundieron im\u00e1genes y videos del momento posterior al colapso, donde se observa a ciudadanos y personal de emergencia moviliz\u00e1ndose para auxiliar a los afectados. Las autoridades capitalinas, a trav\u00e9s del C5, confirmaron que se est\u00e1n llevando a cabo labores de emergencia en la explanada y que se mantendr\u00e1n los esfuerzos hasta garantizar la seguridad total del sitio.<\/p>\n<p>Ante los hechos, Mejuto Producciones, responsable del evento,\u00a0<strong>lament\u00f3 lo ocurrido y anunci\u00f3 la cancelaci\u00f3n del concierto<\/strong>. En un comunicado difundido en su cuenta oficial de X, aclararon que la causa del colapso fue ajena tanto al elenco como a la producci\u00f3n del espect\u00e1culo. Asimismo, informaron que pr\u00f3ximamente se dar\u00e1 a conocer una nueva fecha para celebrar a las madres en coordinaci\u00f3n con la alcald\u00eda GAM.<\/p>\n","protected":false},"excerpt":{"rendered":"<p>La tarde de este\u00a0mi\u00e9rcoles\u00a0un escenario colaps\u00f3 en la explanada ubicada en la calle Vicente Villada, en la alcald\u00eda Gustavo A. Madero, Ciudad de M\u00e9xico. La estructura se vino abajo momentos antes de un evento programado para celebrar el D\u00eda de las Madres, dejando varias personas atrapadas debajo de los escombros. De inmediato, cuerpos de emergencia [&hellip;]<\/p>\n","protected":false},"author":2,"featured_media":217497,"comment_status":"closed","ping_status":"closed","sticky":false,"template":"","format":"standard","meta":{"footnotes":""},"categories":[12870,172],"tags":[12865,12874],"class_list":["post-217496","post","type-post","status-publish","format-standard","has-post-thumbnail","hentry","category-destacadas","category-nacional","tag-destacadas","tag-nacional"],"jetpack_featured_media_url":"https:\/\/rnoticias.com.mx\/Portal\/wp-content\/uploads\/2025\/05\/colapsa-estructura-164043-1024x576-1-960x540-1.webp","amp_enabled":true,"_links":{"self":[{"href":"https:\/\/rnoticias.com.mx\/Portal\/wp-json\/wp\/v2\/posts\/217496","targetHints":{"allow":["GET"]}}],"collection":[{"href":"https:\/\/rnoticias.com.mx\/Portal\/wp-json\/wp\/v2\/posts"}],"about":[{"href":"https:\/\/rnoticias.com.mx\/Portal\/wp-json\/wp\/v2\/types\/post"}],"author":[{"embeddable":true,"href":"https:\/\/rnoticias.com.mx\/Portal\/wp-json\/wp\/v2\/users\/2"}],"replies":[{"embeddable":true,"href":"https:\/\/rnoticias.com.mx\/Portal\/wp-json\/wp\/v2\/comments?post=217496"}],"version-history":[{"count":1,"href":"https:\/\/rnoticias.com.mx\/Portal\/wp-json\/wp\/v2\/posts\/217496\/revisions"}],"predecessor-version":[{"id":217498,"href":"https:\/\/rnoticias.com.mx\/Portal\/wp-json\/wp\/v2\/posts\/217496\/revisions\/217498"}],"wp:featuredmedia":[{"embeddable":true,"href":"https:\/\/rnoticias.com.mx\/Portal\/wp-json\/wp\/v2\/media\/217497"}],"wp:attachment":[{"href":"https:\/\/rnoticias.com.mx\/Portal\/wp-json\/wp\/v2\/media?parent=217496"}],"wp:term":[{"taxonomy":"category","embeddable":true,"href":"https:\/\/rnoticias.com.mx\/Portal\/wp-json\/wp\/v2\/categories?post=217496"},{"taxonomy":"post_tag","embeddable":true,"href":"https:\/\/rnoticias.com.mx\/Portal\/wp-json\/wp\/v2\/tags?post=217496"}],"curies":[{"name":"wp","href":"https:\/\/api.w.org\/{rel}","templated":true}]}}