{"id":217432,"date":"2025-05-08T02:54:10","date_gmt":"2025-05-08T02:54:10","guid":{"rendered":"https:\/\/rnoticias.com.mx\/Portal\/?p=217432"},"modified":"2025-05-08T02:54:10","modified_gmt":"2025-05-08T02:54:10","slug":"realiza-ine-simulacro-electoral-para-personas-con-discapacidad","status":"publish","type":"post","link":"https:\/\/rnoticias.com.mx\/Portal\/2025\/05\/08\/realiza-ine-simulacro-electoral-para-personas-con-discapacidad\/","title":{"rendered":"Realiza INE simulacro electoral para personas con discapacidad"},"content":{"rendered":"<p class=\"x_MsoNormal\"><span data-olk-copy-source=\"MessageBody\">El Instituto Nacional Electoral (INE) llev\u00f3 a cabo el simulacro electoral para personas con discapacidad, con el objetivo de informar de manera clara, accesible y oportuna sobre las etapas del Proceso Electoral Extraordinario del Poder Judicial de la Federaci\u00f3n 2024-2025, los cargos a elegir, las herramientas digitales que se han implementado tanto para que puedan acceder f\u00e1cilmente a la informaci\u00f3n de las candidaturas, como para practicar el voto y conocer la ubicaci\u00f3n de las casillas.<\/span><\/p>\n<p class=\"x_MsoNormal\">La Consejera y presidenta de la Comisi\u00f3n de Igualdad de G\u00e9nero y No Discriminaci\u00f3n, Claudia Zavala P\u00e9rez, sostuvo que el Estado debe garantizar el ejercicio de todos los derechos y para este proceso electoral \u201chay un retroceso en la garant\u00eda de los derechos de las personas con discapacidad\u201d y para otros grupos en situaci\u00f3n de discriminaci\u00f3n.<\/p>\n<p class=\"x_MsoNormal\">La Directora de la Unidad T\u00e9cnica de Igualdad de G\u00e9nero y No Discriminaci\u00f3n, Flor Dessir\u00e9 Le\u00f3n Hern\u00e1ndez, afirm\u00f3 que \u201cel Instituto Nacional Electoral est\u00e1 comprometido con los derechos humanos y con garantizar el derecho a que podamos votar, hacerlo libre de violencias y, sobre todo, que sea accesible para todas las personas\u201d.<\/p>\n<p class=\"x_MsoNormal\">La ciudadan\u00eda podr\u00e1 buscar informaci\u00f3n de las candidaturas, por lo que se dise\u00f1\u00f3 la plataforma interactiva:\u00a0<i>Con\u00f3celes, Practica y Ubica,<\/i>\u00a0para que las y los ciudadanos puedan conocer el perfil de las candidaturas, ensayar su voto, as\u00ed como familiarizarse con las boletas.<\/p>\n<p class=\"x_MsoNormal\">A la actividad asistieron 30 personas con discapacidad provenientes de diferentes organizaciones sociales y del Instituto de Personas con Discapacidad de la Ciudad de M\u00e9xico. Las y los funcionarios del INE explicaron los cargos y sus funciones y las medidas de accesibilidad que, mediante la tecnolog\u00eda, se dispusieron en esta elecci\u00f3n, para que toda la ciudadan\u00eda pueda ejercer su derecho al voto.<\/p>\n<p class=\"x_MsoNormal\">La explicaci\u00f3n de los cargos que se eligen en la primera elecci\u00f3n del Poder Judicial y sus funciones, estuvo a cargo de Marisol V\u00e1zquez Pi\u00f1\u00f3n, Subdirectora de Investigaci\u00f3n y Formaci\u00f3n, de la Unidad T\u00e9cnica de Igualdad de G\u00e9nero y No Discriminaci\u00f3n (UTIGyND).<\/p>\n<p class=\"x_MsoNormal\">La presentaci\u00f3n y uso de\u00a0<i>Con\u00f3celes, Practica y Ubica (CPU),<\/i>\u00a0estuvo a cargo del personal de la Direcci\u00f3n Ejecutiva del Registro Federal de Electores y de la Unidad de Transparencia y Protecci\u00f3n de Datos Personales, quienes mencionaron entre las medidas de accesibilidad: la navegaci\u00f3n por teclado; una visibilidad de focos que resalta visualmente en donde est\u00e1 el navegador del cursor; im\u00e1genes con texto alternativo y contraste de colores.<\/p>\n<p class=\"x_MsoNormal\">Se hizo \u00e9nfasis en que el micrositio\u00a0<i>Con\u00f3celes, Practica y Ubica<\/i>, est\u00e1 dise\u00f1ado con la finalidad de poder tener todos los elementos y rubros que permitan dar una gu\u00eda a las personas que tengan alguna discapacidad visual o auditiva.<\/p>\n<p class=\"x_MsoNormal\"><b><i>Simulacro de votaci\u00f3n en casilla<\/i><\/b><\/p>\n<p class=\"x_MsoNormal\">En seguida, se llev\u00f3 a cabo el simulacro de votaci\u00f3n en la Casilla Seccional, en donde se mostraron las medidas y acciones de inclusi\u00f3n que prepar\u00f3 el INE para asegurar el voto de todas las personas el d\u00eda de la Jornada Electoral.<\/p>\n<p class=\"x_MsoNormal\">La Coordinadora de Proyectos Acad\u00e9micos de la Direcci\u00f3n Ejecutiva de Capacitaci\u00f3n Electoral y Educaci\u00f3n C\u00edvica, Esmeralda Estrada P\u00e9rez y la Directora de Circunscripci\u00f3n Plurinominal de la Direcci\u00f3n Ejecutiva de Organizaci\u00f3n Electoral, Nancy Jazm\u00edn Hern\u00e1ndez Mancilla, mencionaron que en las casillas seccionales se implementar\u00e1n medidas como tener lugares seguros y accesibles para las personas con discapacidad.<\/p>\n<p class=\"x_MsoNormal\">Asimismo, en todas las casillas seccionales se instalar\u00e1 un cartel en el que se establece los grupos de atenci\u00f3n que tienen prioridad para pasar a votar. Tambi\u00e9n se dijo que habr\u00e1 rampas de acceso; una mampara especial a la altura est\u00e1ndar de 73 cent\u00edmetros; capacitaci\u00f3n al funcionariado para que, en caso de que una persona por su discapacidad no pueda ingresar a la Casilla Seccional, se cuente con un sobre especial para trasladar la boleta o boletas, as\u00ed como la mampara m\u00f3vil fuera del inmueble.<\/p>\n<p class=\"x_MsoNormal\">La persona con alguna discapacidad que as\u00ed lo requiera, tanto al momento de votar, como al ser parte del funcionariado de Casilla Seccional, podr\u00e1 ir acompa\u00f1ada o solicitar el apoyo de una persona de su confianza.<\/p>\n<p class=\"x_MsoNormal\">Adem\u00e1s, el d\u00eda de la elecci\u00f3n, las personas con alguna discapacidad, mujeres embarazadas o adultas mayores podr\u00e1n votar sin hacer fila.<\/p>\n","protected":false},"excerpt":{"rendered":"<p>El Instituto Nacional Electoral (INE) llev\u00f3 a cabo el simulacro electoral para personas con discapacidad, con el objetivo de informar de manera clara, accesible y oportuna sobre las etapas del Proceso Electoral Extraordinario del Poder Judicial de la Federaci\u00f3n 2024-2025, los cargos a elegir, las herramientas digitales que se han implementado tanto para que puedan [&hellip;]<\/p>\n","protected":false},"author":2,"featured_media":217433,"comment_status":"closed","ping_status":"closed","sticky":false,"template":"","format":"standard","meta":{"footnotes":""},"categories":[12870,172],"tags":[12865,12874],"class_list":["post-217432","post","type-post","status-publish","format-standard","has-post-thumbnail","hentry","category-destacadas","category-nacional","tag-destacadas","tag-nacional"],"jetpack_featured_media_url":"https:\/\/rnoticias.com.mx\/Portal\/wp-content\/uploads\/2025\/05\/WhatsApp-Image-2025-05-06-at-9.40.40-PM-2-scaled.jpeg","amp_enabled":true,"_links":{"self":[{"href":"https:\/\/rnoticias.com.mx\/Portal\/wp-json\/wp\/v2\/posts\/217432","targetHints":{"allow":["GET"]}}],"collection":[{"href":"https:\/\/rnoticias.com.mx\/Portal\/wp-json\/wp\/v2\/posts"}],"about":[{"href":"https:\/\/rnoticias.com.mx\/Portal\/wp-json\/wp\/v2\/types\/post"}],"author":[{"embeddable":true,"href":"https:\/\/rnoticias.com.mx\/Portal\/wp-json\/wp\/v2\/users\/2"}],"replies":[{"embeddable":true,"href":"https:\/\/rnoticias.com.mx\/Portal\/wp-json\/wp\/v2\/comments?post=217432"}],"version-history":[{"count":1,"href":"https:\/\/rnoticias.com.mx\/Portal\/wp-json\/wp\/v2\/posts\/217432\/revisions"}],"predecessor-version":[{"id":217434,"href":"https:\/\/rnoticias.com.mx\/Portal\/wp-json\/wp\/v2\/posts\/217432\/revisions\/217434"}],"wp:featuredmedia":[{"embeddable":true,"href":"https:\/\/rnoticias.com.mx\/Portal\/wp-json\/wp\/v2\/media\/217433"}],"wp:attachment":[{"href":"https:\/\/rnoticias.com.mx\/Portal\/wp-json\/wp\/v2\/media?parent=217432"}],"wp:term":[{"taxonomy":"category","embeddable":true,"href":"https:\/\/rnoticias.com.mx\/Portal\/wp-json\/wp\/v2\/categories?post=217432"},{"taxonomy":"post_tag","embeddable":true,"href":"https:\/\/rnoticias.com.mx\/Portal\/wp-json\/wp\/v2\/tags?post=217432"}],"curies":[{"name":"wp","href":"https:\/\/api.w.org\/{rel}","templated":true}]}}