{"id":217404,"date":"2025-05-08T00:40:11","date_gmt":"2025-05-08T00:40:11","guid":{"rendered":"https:\/\/rnoticias.com.mx\/Portal\/?p=217404"},"modified":"2025-05-08T00:40:11","modified_gmt":"2025-05-08T00:40:11","slug":"se-fuga-el-ponchis-de-penal-de-sonora-lider-de-los-salazar-cayo-en-marzo","status":"publish","type":"post","link":"https:\/\/rnoticias.com.mx\/Portal\/2025\/05\/08\/se-fuga-el-ponchis-de-penal-de-sonora-lider-de-los-salazar-cayo-en-marzo\/","title":{"rendered":"Se fuga &#8216;El Ponchis&#8217; de penal de Sonora; l\u00edder de &#8216;Los Salazar&#8217; cay\u00f3 en marzo"},"content":{"rendered":"<div>\n<p><strong>Salu Francisco Hern\u00e1ndez Tenorio, alias \u2018El Ponchis\u2019 o \u2018El Fantasma\u2019<\/strong>, jefe de plaza del grupo delictivo de \u2018Los Salazar\u2019, brazo armado y operativo del C\u00e1rtel de Sinaloa, en la frontera entre Sonora y Arizona, al noroeste de M\u00e9xico, se fug\u00f3 el lunes del Centro de Readaptaci\u00f3n Social (Cereso) Hermosillo Uno, en Sonora confirmaron el martes autoridades estatales.<\/p>\n<\/div>\n<div>\n<p>El ahora pr\u00f3fugo era considerado como\u00a0<strong>objetivo prioritario generador de violencia<\/strong>\u00a0por las agencias de Seguridad del Gobierno de M\u00e9xico, pero estaba encerrado en una c\u00e1rcel que no es de m\u00e1xima seguridad, a pesar que se le investigaba por delitos graves como homicidio calificado con premeditaci\u00f3n, alevos\u00eda y traici\u00f3n, as\u00ed como de asociaci\u00f3n delictiva.<\/p>\n<\/div>\n<div>\n<p>El secretario de Seguridad P\u00fablica de Sonora,\u00a0<strong>V\u00edctor Hugo Enr\u00edquez Garc\u00eda,<\/strong>\u00a0confirm\u00f3 que los custodios del Cereso Hermosillo Uno, se percataron de la fuga en el pase de lista de la noche del lunes 5 de mayo.<\/p>\n<\/div>\n<div>\n<p>\u201cDurante el pase de lista en el Cereso Hermosillo 1 se detect\u00f3 la evasi\u00f3n de Salu Francisco Hern\u00e1ndez, persona privada de la libertad; de inmediato se activaron los protocolos de seguridad establecidos para este tipo de incidentes y se notific\u00f3 la Fiscal\u00eda General de Justicia del Estado, que ya ha iniciado una<strong>\u00a0investigaci\u00f3n exhaustiva para esclarecer los hechos\u201d,<\/strong> asegur\u00f3 el funcionario.<\/p>\n<\/div>\n<div>\n<p>Adem\u00e1s, advirti\u00f3 que las autoridades de la Agencia Ministerial de Investigaci\u00f3n Criminal \u201cest\u00e1n investigando a las personas responsables de la seguridad en el penal y que\u00a0<strong>cualesquier indicio de complicidad, negligencia o encubrimiento<\/strong>, ser\u00e1 sancionado con todo el peso de la Ley.<\/p>\n<\/div>\n<div>\n<p>Salu Francisco, que tambi\u00e9n utiliza el alias de<strong>\u00a0Jorge Hern\u00e1ndez Robledo,<\/strong>\u00a0es buscado y los operativos para su recaptura contemplan revisi\u00f3n de carreteras, centrales de autobuses y aeropuertos de todo el pa\u00eds.<\/p>\n<\/div>\n<div>\n<p>Fue el pasado 25 de marzo cuando autoridades federales y estatales\u00a0<strong>anunciaron la captura de Salu Francisco,<\/strong> quien era considerado objetivo prioritario por la Fiscal\u00eda General de Justicia Estatal, que ofrec\u00eda hasta 500,000 pesos por informaci\u00f3n que condujera a su localizaci\u00f3n.<\/p>\n<\/div>\n<div>\n<p>Las autoridades lo ubican como<strong>\u00a0l\u00edder de \u2018Los Fantasmas\u2019,<\/strong>\u00a0una c\u00e9lula armada dentro de \u2018Los Salazar\u2019, la cual actuaba como brazo operativo del C\u00e1rtel de Sinaloa.<\/p>\n<\/div>\n<div>\n<p>Seg\u00fan reportes oficiales y documentos de inteligencia militar del Ej\u00e9rcito mexicano, el sujeto encabezaba operaciones en varios municipios del norte de Sonora: como\u00a0<strong>S\u00e1ric, Tubutama, Trincheras, Santa Ana, Altar y Magdalena,<\/strong>\u00a0zonas clave por su proximidad con la frontera de Estados Unidos.<\/p>\n<\/div>\n<div>\n<p>Uno de los ataques que se le atribuyen a su c\u00e9lula delictiva, fue una\u00a0<strong>emboscada a un convoy del Ej\u00e9rcito y de la Polic\u00eda Estatal,<\/strong>\u00a0el 31 de octubre de 2023, entre Altar y Oquitoa, con un resultado de varios agentes lesionados.<\/p>\n<\/div>\n<div>\n<p>(Con informaci\u00f3n de\u00a0<em>EFE\u00a0<\/em>y<em>\u00a0Aristegui Noticias<\/em>)<\/p>\n<\/div>\n","protected":false},"excerpt":{"rendered":"<p>Salu Francisco Hern\u00e1ndez Tenorio, alias \u2018El Ponchis\u2019 o \u2018El Fantasma\u2019, jefe de plaza del grupo delictivo de \u2018Los Salazar\u2019, brazo armado y operativo del C\u00e1rtel de Sinaloa, en la frontera entre Sonora y Arizona, al noroeste de M\u00e9xico, se fug\u00f3 el lunes del Centro de Readaptaci\u00f3n Social (Cereso) Hermosillo Uno, en Sonora confirmaron el martes [&hellip;]<\/p>\n","protected":false},"author":2,"featured_media":217405,"comment_status":"closed","ping_status":"closed","sticky":false,"template":"","format":"standard","meta":{"footnotes":""},"categories":[12870,174],"tags":[12865,12873],"class_list":["post-217404","post","type-post","status-publish","format-standard","has-post-thumbnail","hentry","category-destacadas","category-estatal","tag-destacadas","tag-estatal"],"jetpack_featured_media_url":"https:\/\/rnoticias.com.mx\/Portal\/wp-content\/uploads\/2025\/05\/WhatsApp-Image-2025-05-07-at-5.16.31-PM.jpeg","amp_enabled":true,"_links":{"self":[{"href":"https:\/\/rnoticias.com.mx\/Portal\/wp-json\/wp\/v2\/posts\/217404","targetHints":{"allow":["GET"]}}],"collection":[{"href":"https:\/\/rnoticias.com.mx\/Portal\/wp-json\/wp\/v2\/posts"}],"about":[{"href":"https:\/\/rnoticias.com.mx\/Portal\/wp-json\/wp\/v2\/types\/post"}],"author":[{"embeddable":true,"href":"https:\/\/rnoticias.com.mx\/Portal\/wp-json\/wp\/v2\/users\/2"}],"replies":[{"embeddable":true,"href":"https:\/\/rnoticias.com.mx\/Portal\/wp-json\/wp\/v2\/comments?post=217404"}],"version-history":[{"count":1,"href":"https:\/\/rnoticias.com.mx\/Portal\/wp-json\/wp\/v2\/posts\/217404\/revisions"}],"predecessor-version":[{"id":217406,"href":"https:\/\/rnoticias.com.mx\/Portal\/wp-json\/wp\/v2\/posts\/217404\/revisions\/217406"}],"wp:featuredmedia":[{"embeddable":true,"href":"https:\/\/rnoticias.com.mx\/Portal\/wp-json\/wp\/v2\/media\/217405"}],"wp:attachment":[{"href":"https:\/\/rnoticias.com.mx\/Portal\/wp-json\/wp\/v2\/media?parent=217404"}],"wp:term":[{"taxonomy":"category","embeddable":true,"href":"https:\/\/rnoticias.com.mx\/Portal\/wp-json\/wp\/v2\/categories?post=217404"},{"taxonomy":"post_tag","embeddable":true,"href":"https:\/\/rnoticias.com.mx\/Portal\/wp-json\/wp\/v2\/tags?post=217404"}],"curies":[{"name":"wp","href":"https:\/\/api.w.org\/{rel}","templated":true}]}}