{"id":217270,"date":"2025-05-07T02:41:36","date_gmt":"2025-05-07T02:41:36","guid":{"rendered":"https:\/\/rnoticias.com.mx\/Portal\/?p=217270"},"modified":"2025-05-07T02:41:36","modified_gmt":"2025-05-07T02:41:36","slug":"nodal-pide-que-el-regional-mexicano-se-enfoque-en-temas-de-amor","status":"publish","type":"post","link":"https:\/\/rnoticias.com.mx\/Portal\/2025\/05\/07\/nodal-pide-que-el-regional-mexicano-se-enfoque-en-temas-de-amor\/","title":{"rendered":"Nodal pide que el regional mexicano se enfoque en temas de amor"},"content":{"rendered":"<p>Christian Nodal est\u00e1 de acuerdo con que el regional mexicano se enfoque en la composici\u00f3n de canciones rom\u00e1nticas, alejadas de cualquier connotaci\u00f3n violenta, como dijo cuando fue cuestionado acerca de qu\u00e9 opini\u00f3n le merec\u00eda la iniciativa\u00a0<strong>\u201cM\u00e9xico canta\u201d<\/strong>, que busca que nuevos talentos hagan m\u00fasica, alejadas de la apolog\u00eda del delito.<\/p>\n<p>Este fin de semana, el m\u00fasico de regional se present\u00f3 en la Feria de San Marcos, en Aguascalientes y, al final de su actuaci\u00f3n, se dio un momento para conversar con la prensa que se hab\u00eda conjuntado en el evento.<\/p>\n<p>El sonorense habl\u00f3 del pr\u00f3ximo lanzamiento de su \u00e1lbum\u00a0<strong>\u201c\u00bfQui\u00e9n m\u00e1s como yo?\u201d.<\/strong><\/p>\n<p>Y tambi\u00e9n contest\u00f3 con entusiasmo cuando se le pregunt\u00f3 sobre \u201cM\u00e9xico canta\u201d, u<strong>na convocatoria, impulsada por el Gobierno de M\u00e9xico,<\/strong>\u00a0para atraer aristas emergentes del regional, en b\u00fasqueda de que encaminen sus carreras lejos de los corridos o cualquier tipo de composici\u00f3n que pudiera ser considerada como apolog\u00eda del delito.<\/p>\n<p>Nodal dijo estar de acuerdo con la iniciativa, pues es uno de los m\u00fasicos que\u00a0<strong>ha abocado su trayectoria entera a cantarle al amor.<\/strong><\/p>\n<p><strong><em>\u201cEstoy cien por ciento de acuerdo, uno como artista tiene la responsabilidad de dar el mensaje, \u00bfno?, yo le vivo cantando al amor, es muy importante dar un mensaje positivo, yo, desde el lado compositor, desde el lado humano, el lado ciudadano, yo estoy encantado, aqu\u00ed cuentan conmigo para lo que necesiten\u201d<\/em><\/strong>, indic\u00f3.<\/p>\n<p>Sin embargo, nunca dijo o, por lo menos, no de forma expl\u00edcita estar en desacuerdo con los corridos o narcocorridos, como se ha estado asegurando en las \u00faltimas horas.<\/p>\n<p>Las palabras de Nodal ya han causado controversia pues, muchos de sus colegas, atraviesan tiempos complicados debido a que, al presentarse en ferias del pueblo, se les ha impedido interpretar algunas de sus canciones, consideradas narcocorridos.<\/p>\n<p>Mientras hay quien\u00a0<strong>comparte su opini\u00f3n y aquellos que critican su postura,<\/strong>\u00a0el cantante se prepara para reunirse con Alfredito Olivas, cantautor de regional, para grabar el video del tema en el que colaboraron y que, tambi\u00e9n, forma parte de su nuevo disco.<\/p>\n","protected":false},"excerpt":{"rendered":"<p>Christian Nodal est\u00e1 de acuerdo con que el regional mexicano se enfoque en la composici\u00f3n de canciones rom\u00e1nticas, alejadas de cualquier connotaci\u00f3n violenta, como dijo cuando fue cuestionado acerca de qu\u00e9 opini\u00f3n le merec\u00eda la iniciativa\u00a0\u201cM\u00e9xico canta\u201d, que busca que nuevos talentos hagan m\u00fasica, alejadas de la apolog\u00eda del delito. Este fin de semana, el [&hellip;]<\/p>\n","protected":false},"author":2,"featured_media":217271,"comment_status":"closed","ping_status":"closed","sticky":false,"template":"","format":"standard","meta":{"footnotes":""},"categories":[12870,219],"tags":[12865,12875],"class_list":["post-217270","post","type-post","status-publish","format-standard","has-post-thumbnail","hentry","category-destacadas","category-espectaculos","tag-destacadas","tag-espectaculos"],"jetpack_featured_media_url":"https:\/\/rnoticias.com.mx\/Portal\/wp-content\/uploads\/2025\/05\/66c960186d829.webp","amp_enabled":true,"_links":{"self":[{"href":"https:\/\/rnoticias.com.mx\/Portal\/wp-json\/wp\/v2\/posts\/217270","targetHints":{"allow":["GET"]}}],"collection":[{"href":"https:\/\/rnoticias.com.mx\/Portal\/wp-json\/wp\/v2\/posts"}],"about":[{"href":"https:\/\/rnoticias.com.mx\/Portal\/wp-json\/wp\/v2\/types\/post"}],"author":[{"embeddable":true,"href":"https:\/\/rnoticias.com.mx\/Portal\/wp-json\/wp\/v2\/users\/2"}],"replies":[{"embeddable":true,"href":"https:\/\/rnoticias.com.mx\/Portal\/wp-json\/wp\/v2\/comments?post=217270"}],"version-history":[{"count":1,"href":"https:\/\/rnoticias.com.mx\/Portal\/wp-json\/wp\/v2\/posts\/217270\/revisions"}],"predecessor-version":[{"id":217272,"href":"https:\/\/rnoticias.com.mx\/Portal\/wp-json\/wp\/v2\/posts\/217270\/revisions\/217272"}],"wp:featuredmedia":[{"embeddable":true,"href":"https:\/\/rnoticias.com.mx\/Portal\/wp-json\/wp\/v2\/media\/217271"}],"wp:attachment":[{"href":"https:\/\/rnoticias.com.mx\/Portal\/wp-json\/wp\/v2\/media?parent=217270"}],"wp:term":[{"taxonomy":"category","embeddable":true,"href":"https:\/\/rnoticias.com.mx\/Portal\/wp-json\/wp\/v2\/categories?post=217270"},{"taxonomy":"post_tag","embeddable":true,"href":"https:\/\/rnoticias.com.mx\/Portal\/wp-json\/wp\/v2\/tags?post=217270"}],"curies":[{"name":"wp","href":"https:\/\/api.w.org\/{rel}","templated":true}]}}