{"id":217267,"date":"2025-05-07T02:39:27","date_gmt":"2025-05-07T02:39:27","guid":{"rendered":"https:\/\/rnoticias.com.mx\/Portal\/?p=217267"},"modified":"2025-05-07T02:39:27","modified_gmt":"2025-05-07T02:39:27","slug":"america-confirma-invitacion-para-disputar-el-mundial-de-clubes","status":"publish","type":"post","link":"https:\/\/rnoticias.com.mx\/Portal\/2025\/05\/07\/america-confirma-invitacion-para-disputar-el-mundial-de-clubes\/","title":{"rendered":"Am\u00e9rica confirma invitaci\u00f3n para disputar el Mundial de Clubes"},"content":{"rendered":"<p>Luego del fallo del TAS en contra del Le\u00f3n que lo excluy\u00f3 del pr\u00f3ximo\u00a0<strong>Mundial de Clubes<\/strong>, la FIFA ha confirmado que ese lugar se disputar\u00e1 en un partido entre\u00a0<strong>Am\u00e9rica y Los \u00c1ngeles FC.<\/strong><\/p>\n<p>Las \u00c1guilas, por su parte, se han manifestado al respecto mediante un comunicado donde rebelan la invitaci\u00f3n de la FIFA.<\/p>\n<p><em><strong>\u201cLa FIFA nos notific\u00f3 el d\u00eda de hoy -luego de la resoluci\u00f3n emitida por el Tribunal de Arbitraje Deportivo (CAS, por sus siglas en ingl\u00e9s)- que ha determinado que el lugar disponible para el Mundial de Clubes 2025 se definir\u00e1 en un partido de eliminaci\u00f3n entre el Club Am\u00e9rica y Los \u00c1ngeles FC\u201d,<\/strong><\/em>\u00a0se puede leer en la misiva.<\/p>\n<p>En el texto explican el motivo que los hizo acreedores a ese partido para buscar el lugar que falta para la siguiente justa mundialista en Estados Unidos.<\/p>\n<p><em><strong>\u201cEsto se deriva, seg\u00fan inform\u00f3 FIFA, dado que somos \u2018el Club mejor situado en la clasificaci\u00f3n por confederaciones para el Mundial de Clubes FIFA\u201d,<\/strong><\/em>\u00a0explican.<\/p>\n","protected":false},"excerpt":{"rendered":"<p>Luego del fallo del TAS en contra del Le\u00f3n que lo excluy\u00f3 del pr\u00f3ximo\u00a0Mundial de Clubes, la FIFA ha confirmado que ese lugar se disputar\u00e1 en un partido entre\u00a0Am\u00e9rica y Los \u00c1ngeles FC. Las \u00c1guilas, por su parte, se han manifestado al respecto mediante un comunicado donde rebelan la invitaci\u00f3n de la FIFA. \u201cLa FIFA [&hellip;]<\/p>\n","protected":false},"author":2,"featured_media":217268,"comment_status":"closed","ping_status":"closed","sticky":false,"template":"","format":"standard","meta":{"footnotes":""},"categories":[188,12870],"tags":[5231,12865],"class_list":["post-217267","post","type-post","status-publish","format-standard","has-post-thumbnail","hentry","category-deportes","category-destacadas","tag-deportes","tag-destacadas"],"jetpack_featured_media_url":"https:\/\/rnoticias.com.mx\/Portal\/wp-content\/uploads\/2025\/05\/Imago-1649774-e1746575969153-scaled.webp","amp_enabled":true,"_links":{"self":[{"href":"https:\/\/rnoticias.com.mx\/Portal\/wp-json\/wp\/v2\/posts\/217267","targetHints":{"allow":["GET"]}}],"collection":[{"href":"https:\/\/rnoticias.com.mx\/Portal\/wp-json\/wp\/v2\/posts"}],"about":[{"href":"https:\/\/rnoticias.com.mx\/Portal\/wp-json\/wp\/v2\/types\/post"}],"author":[{"embeddable":true,"href":"https:\/\/rnoticias.com.mx\/Portal\/wp-json\/wp\/v2\/users\/2"}],"replies":[{"embeddable":true,"href":"https:\/\/rnoticias.com.mx\/Portal\/wp-json\/wp\/v2\/comments?post=217267"}],"version-history":[{"count":1,"href":"https:\/\/rnoticias.com.mx\/Portal\/wp-json\/wp\/v2\/posts\/217267\/revisions"}],"predecessor-version":[{"id":217269,"href":"https:\/\/rnoticias.com.mx\/Portal\/wp-json\/wp\/v2\/posts\/217267\/revisions\/217269"}],"wp:featuredmedia":[{"embeddable":true,"href":"https:\/\/rnoticias.com.mx\/Portal\/wp-json\/wp\/v2\/media\/217268"}],"wp:attachment":[{"href":"https:\/\/rnoticias.com.mx\/Portal\/wp-json\/wp\/v2\/media?parent=217267"}],"wp:term":[{"taxonomy":"category","embeddable":true,"href":"https:\/\/rnoticias.com.mx\/Portal\/wp-json\/wp\/v2\/categories?post=217267"},{"taxonomy":"post_tag","embeddable":true,"href":"https:\/\/rnoticias.com.mx\/Portal\/wp-json\/wp\/v2\/tags?post=217267"}],"curies":[{"name":"wp","href":"https:\/\/api.w.org\/{rel}","templated":true}]}}