{"id":217264,"date":"2025-05-07T02:36:05","date_gmt":"2025-05-07T02:36:05","guid":{"rendered":"https:\/\/rnoticias.com.mx\/Portal\/?p=217264"},"modified":"2025-05-07T02:36:05","modified_gmt":"2025-05-07T02:36:05","slug":"nueva-alianza-propone-iniciativa-para-garantizar-alimentacion-adecuada-en-sonora","status":"publish","type":"post","link":"https:\/\/rnoticias.com.mx\/Portal\/2025\/05\/07\/nueva-alianza-propone-iniciativa-para-garantizar-alimentacion-adecuada-en-sonora\/","title":{"rendered":"Nueva Alianza propone iniciativa para garantizar alimentaci\u00f3n adecuada en Sonora"},"content":{"rendered":"<p>Hermosillo, Sonora; 6 de mayo de 2025. \u2013 Con el objetivo de regular y fortalecer el ejercicio del derecho a una alimentaci\u00f3n adecuada en el \u00e1mbito estatal y municipal, el Grupo Parlamentario de Nueva Alianza Sonora (NAS) present\u00f3, durante la sesi\u00f3n ordinariadel Congreso de Sonora, la iniciativa de Ley de Alimentaci\u00f3n Adecuada y Sostenible.<\/p>\n<p>La diputada Rebeca Silva Gallardo, en representaci\u00f3n de sus compa\u00f1eros legisladores Ferm\u00edn Trujillo Fuentes y C\u00e9sar Salazar L\u00f3pez, destac\u00f3 que esta nueva ley prioriza derechos fundamentales como la salud, el medio ambiente, el acceso al agua y el inter\u00e9s superior de la ni\u00f1ez, en el dise\u00f1o e implementaci\u00f3n de pol\u00edticas p\u00fablicas relacionadas con la alimentaci\u00f3n.<\/p>\n<p>Asimismo, la propuesta que busca armonizar su contenido con la Ley General de la Alimentaci\u00f3n Adecuada y Sostenible, impulsa la creaci\u00f3n de entornos alimentarios sostenibles que favorezcan el consumo informado de alimentos saludables y nutritivos.<\/p>\n<p>Silva Gallardo coment\u00f3 que tambi\u00e9n establece principios y lineamientos para orientar pol\u00edticas p\u00fablicas en torno a la donaci\u00f3n altruista de alimentos destinados a grupos en situaci\u00f3n de vulnerabilidad.<\/p>\n<p>Como parte de las disposiciones contempladas, dijo, se establece que el gobierno estatal y los ayuntamientos deber\u00e1n prohibir tanto al interior como en las inmediaciones de los planteles escolares, la venta de alimentos y bebidas preenvasadas que excedan los l\u00edmites m\u00e1ximos de contenido establecidos por la autoridad competente.<\/p>\n<p>La iniciativa fue turnada a las comisiones unidas de Derechos de la Ni\u00f1ez, y Atenci\u00f3n a Grupos Vulnerables para su an\u00e1lisis.<\/p>\n","protected":false},"excerpt":{"rendered":"<p>Hermosillo, Sonora; 6 de mayo de 2025. \u2013 Con el objetivo de regular y fortalecer el ejercicio del derecho a una alimentaci\u00f3n adecuada en el \u00e1mbito estatal y municipal, el Grupo Parlamentario de Nueva Alianza Sonora (NAS) present\u00f3, durante la sesi\u00f3n ordinariadel Congreso de Sonora, la iniciativa de Ley de Alimentaci\u00f3n Adecuada y Sostenible. La [&hellip;]<\/p>\n","protected":false},"author":2,"featured_media":217265,"comment_status":"closed","ping_status":"closed","sticky":false,"template":"","format":"standard","meta":{"footnotes":""},"categories":[12870,12868],"tags":[12865,12879],"class_list":["post-217264","post","type-post","status-publish","format-standard","has-post-thumbnail","hentry","category-destacadas","category-politica","tag-destacadas","tag-politica"],"jetpack_featured_media_url":"https:\/\/rnoticias.com.mx\/Portal\/wp-content\/uploads\/2025\/05\/f275ac26-27cd-4b3a-b23d-15d3e1055b41.jpg","amp_enabled":true,"_links":{"self":[{"href":"https:\/\/rnoticias.com.mx\/Portal\/wp-json\/wp\/v2\/posts\/217264","targetHints":{"allow":["GET"]}}],"collection":[{"href":"https:\/\/rnoticias.com.mx\/Portal\/wp-json\/wp\/v2\/posts"}],"about":[{"href":"https:\/\/rnoticias.com.mx\/Portal\/wp-json\/wp\/v2\/types\/post"}],"author":[{"embeddable":true,"href":"https:\/\/rnoticias.com.mx\/Portal\/wp-json\/wp\/v2\/users\/2"}],"replies":[{"embeddable":true,"href":"https:\/\/rnoticias.com.mx\/Portal\/wp-json\/wp\/v2\/comments?post=217264"}],"version-history":[{"count":1,"href":"https:\/\/rnoticias.com.mx\/Portal\/wp-json\/wp\/v2\/posts\/217264\/revisions"}],"predecessor-version":[{"id":217266,"href":"https:\/\/rnoticias.com.mx\/Portal\/wp-json\/wp\/v2\/posts\/217264\/revisions\/217266"}],"wp:featuredmedia":[{"embeddable":true,"href":"https:\/\/rnoticias.com.mx\/Portal\/wp-json\/wp\/v2\/media\/217265"}],"wp:attachment":[{"href":"https:\/\/rnoticias.com.mx\/Portal\/wp-json\/wp\/v2\/media?parent=217264"}],"wp:term":[{"taxonomy":"category","embeddable":true,"href":"https:\/\/rnoticias.com.mx\/Portal\/wp-json\/wp\/v2\/categories?post=217264"},{"taxonomy":"post_tag","embeddable":true,"href":"https:\/\/rnoticias.com.mx\/Portal\/wp-json\/wp\/v2\/tags?post=217264"}],"curies":[{"name":"wp","href":"https:\/\/api.w.org\/{rel}","templated":true}]}}