{"id":217260,"date":"2025-05-07T02:35:12","date_gmt":"2025-05-07T02:35:12","guid":{"rendered":"https:\/\/rnoticias.com.mx\/Portal\/?p=217260"},"modified":"2025-05-07T02:35:18","modified_gmt":"2025-05-07T02:35:18","slug":"apoyo-total-a-las-y-los-jovenes-para-acceder-a-una-vivienda-digna-diputado-juan-pablo-arenivar-martinez","status":"publish","type":"post","link":"https:\/\/rnoticias.com.mx\/Portal\/2025\/05\/07\/apoyo-total-a-las-y-los-jovenes-para-acceder-a-una-vivienda-digna-diputado-juan-pablo-arenivar-martinez\/","title":{"rendered":"Apoyo total a las y los j\u00f3venes para acceder a una vivienda digna: diputado Juan Pablo Aren\u00edvar Mart\u00ednez"},"content":{"rendered":"<p>Hermosillo, Sonora; 6 de mayo de 2025.- Garantizar el acceso a una vivienda digna para todas y todos los j\u00f3venes mediante incentivos fiscales que favorezcan el acceso a su primera vivienda, propuso el diputado Juan Pablo Arenivar Mart\u00ednez, integrante del Partido Acci\u00f3n Nacional en el Congreso de Sonora.<\/p>\n<p>Mediante la propuesta de un proyecto de decreto y un respetuoso exhorto, durante la sesi\u00f3n ordinaria de este mi\u00e9rcoles, el legislador plante\u00f3 brindar a las y los j\u00f3venes menores de 35<br \/>\na\u00f1os, mayores facilidades para adquirir su primera vivienda en condiciones econ\u00f3micas m\u00e1s accesibles, as\u00ed como enviar una propuesta en la materia a la C\u00e1mara de Diputados del Congreso de la<br \/>\nUni\u00f3n, a fin de incentivar la oferta inmobiliaria destinada a j\u00f3venes a trav\u00e9s de est\u00edmulos fiscales para quienes les vendan inmuebles.<\/p>\n<p>\u201cProponemos reducir la carga fiscal asociada a la compra de vivienda mediante exenciones<br \/>\nen impuestos, derechos de registro y honorarios notariales, eliminar comisiones bancarias en<br \/>\ncr\u00e9ditos hipotecarios, disminuyendo el costo total del financiamiento y, sobre todo, fomentar la formalizaci\u00f3n patrimonial en sectores tradicionalmente excluidos del mercado de vivienda\u201d,<br \/>\nplante\u00f3 el legislador local.<\/p>\n<p>\u201cSonora lo necesita, necesitamos a j\u00f3venes que cuenten con un desarrollo econ\u00f3mico justo,<br \/>\npara que puedan enfocarse en sus estudios, carreras profesionales y que cuenten con un entorno de vivienda en donde puedan tomar sus decisiones y planificar su futuro de manera aut\u00f3noma. J\u00f3venes con igualdad de oportunidades para todas y todos\u201d, finaliz\u00f3 el legislador local blanquiazul.<\/p>\n<p>La iniciativa seguir\u00e1 el proceso legislativo y fue turnada a la Comisi\u00f3n de Hacienda, donde el legislador le<br \/>\ndar\u00e1 puntual seguimiento.<\/p>\n","protected":false},"excerpt":{"rendered":"<p>Hermosillo, Sonora; 6 de mayo de 2025.- Garantizar el acceso a una vivienda digna para todas y todos los j\u00f3venes mediante incentivos fiscales que favorezcan el acceso a su primera vivienda, propuso el diputado Juan Pablo Arenivar Mart\u00ednez, integrante del Partido Acci\u00f3n Nacional en el Congreso de Sonora. Mediante la propuesta de un proyecto de [&hellip;]<\/p>\n","protected":false},"author":2,"featured_media":217261,"comment_status":"closed","ping_status":"closed","sticky":false,"template":"","format":"standard","meta":{"footnotes":""},"categories":[12870,12868],"tags":[12865,12879],"class_list":["post-217260","post","type-post","status-publish","format-standard","has-post-thumbnail","hentry","category-destacadas","category-politica","tag-destacadas","tag-politica"],"jetpack_featured_media_url":"https:\/\/rnoticias.com.mx\/Portal\/wp-content\/uploads\/2025\/05\/debc55d2-460b-4d8b-aab2-4cf544d9a752.jpg","amp_enabled":true,"_links":{"self":[{"href":"https:\/\/rnoticias.com.mx\/Portal\/wp-json\/wp\/v2\/posts\/217260","targetHints":{"allow":["GET"]}}],"collection":[{"href":"https:\/\/rnoticias.com.mx\/Portal\/wp-json\/wp\/v2\/posts"}],"about":[{"href":"https:\/\/rnoticias.com.mx\/Portal\/wp-json\/wp\/v2\/types\/post"}],"author":[{"embeddable":true,"href":"https:\/\/rnoticias.com.mx\/Portal\/wp-json\/wp\/v2\/users\/2"}],"replies":[{"embeddable":true,"href":"https:\/\/rnoticias.com.mx\/Portal\/wp-json\/wp\/v2\/comments?post=217260"}],"version-history":[{"count":2,"href":"https:\/\/rnoticias.com.mx\/Portal\/wp-json\/wp\/v2\/posts\/217260\/revisions"}],"predecessor-version":[{"id":217263,"href":"https:\/\/rnoticias.com.mx\/Portal\/wp-json\/wp\/v2\/posts\/217260\/revisions\/217263"}],"wp:featuredmedia":[{"embeddable":true,"href":"https:\/\/rnoticias.com.mx\/Portal\/wp-json\/wp\/v2\/media\/217261"}],"wp:attachment":[{"href":"https:\/\/rnoticias.com.mx\/Portal\/wp-json\/wp\/v2\/media?parent=217260"}],"wp:term":[{"taxonomy":"category","embeddable":true,"href":"https:\/\/rnoticias.com.mx\/Portal\/wp-json\/wp\/v2\/categories?post=217260"},{"taxonomy":"post_tag","embeddable":true,"href":"https:\/\/rnoticias.com.mx\/Portal\/wp-json\/wp\/v2\/tags?post=217260"}],"curies":[{"name":"wp","href":"https:\/\/api.w.org\/{rel}","templated":true}]}}